{"id":758,"date":"2009-09-21T23:48:17","date_gmt":"2009-09-21T22:48:17","guid":{"rendered":"http:\/\/www.ostroleka.com.pl\/pzw-narew38\/?p=758"},"modified":"2011-03-19T23:49:47","modified_gmt":"2011-03-19T22:49:47","slug":"szosty-raz-na-morzu-przy-6-st-w-skali-beauforta","status":"publish","type":"post","link":"https:\/\/www.pzwnarew.pl\/?p=758","title":{"rendered":"SZ\u00d3STY RAZ NA MORZU przy 6 st. w skali Beauforta"},"content":{"rendered":"<p><strong><a href=\"http:\/\/www.ostroleka.com.pl\/pzw-narew38\/wp-content\/uploads\/2011\/03\/morskie_2009_01.jpg\"><img loading=\"lazy\" decoding=\"async\" class=\"alignleft size-thumbnail wp-image-759\" title=\"morskie_2009_01\" src=\"http:\/\/www.ostroleka.com.pl\/pzw-narew38\/wp-content\/uploads\/2011\/03\/morskie_2009_01-150x150.jpg\" alt=\"\" width=\"150\" height=\"150\" \/><\/a>W dniu 21 wrze\u015bnia 2009 r. w\u0119dkarze z Ko\u0142a nr 38 &#8222;Narew&#8221; w Ostro\u0142\u0119ce wyp\u0142yn\u0119li na kutrze &#8222;Admira\u0142 I&#8221; z portu we W\u0142adys\u0142awowie na VI Mistrzostwa Morskie.<\/strong><\/p>\n<p>Pomimo s\u0142o\u0144ca wia\u0142 niesprzyjaj\u0105cy wiatr p\u00f3\u0142nocny , kt\u00f3ry rozbuja\u0142 morze do &#8222;sz\u00f3stki&#8221;, kurpiowskie wilki morskie pomimo tego przyst\u0105pi\u0142y do zawod\u00f3w.<\/p>\n<p>Trudne warunki, kt\u00f3rych nie ul\u0119k\u0142a si\u0119 jedyna kobieta na pok\u0142adzie Kasia Kamionowska pozwoli\u0142y na wy\u0142onienie zwyci\u0119zc\u00f3w tych mistrzostw.<!--more--><br \/>\n<a href=\"http:\/\/www.ostroleka.com.pl\/pzw-narew38\/wp-content\/uploads\/2011\/03\/morskie_2009_03.jpg\"><img loading=\"lazy\" decoding=\"async\" class=\"alignright size-thumbnail wp-image-761\" title=\"morskie_2009_03\" src=\"http:\/\/www.ostroleka.com.pl\/pzw-narew38\/wp-content\/uploads\/2011\/03\/morskie_2009_03-150x150.jpg\" alt=\"\" width=\"150\" height=\"150\" \/><\/a>Mistrzem Ko\u0142a &#8222;Narew&#8221; na rok 2009 zosta\u0142 Grzegorz Tyszka, Wicemistrzem Wies\u0142aw Choroszewski trzecie miejsce zaj\u0105\u0142 Pawe\u0142 Myszka.<\/p>\n<p><a href=\"http:\/\/www.ostroleka.com.pl\/pzw-narew38\/wp-content\/uploads\/2011\/03\/morskie_2009_02.jpg\"><img loading=\"lazy\" decoding=\"async\" class=\"alignleft size-thumbnail wp-image-760\" title=\"morskie_2009_02\" src=\"http:\/\/www.ostroleka.com.pl\/pzw-narew38\/wp-content\/uploads\/2011\/03\/morskie_2009_02-150x150.jpg\" alt=\"\" width=\"150\" height=\"150\" \/><\/a>Gratulujemy zwyci\u0119zcom, kt\u00f3rzy zostan\u0105 uhonorowani w trakcie zawod\u00f3w spinningowych w dniu 11.10.2009 roku ( patrz og\u0142oszenia).<\/p>\n<p style=\"text-align: right;\">andraszoka<\/p>\n<p style=\"text-align: center;\"><a href=\"http:\/\/www.ostroleka.com.pl\/gallery_pzw\/thumbnails.php?album=60\" target=\"_blank\">Wi\u0119cej zdj\u0119\u0107 z zawod\u00f3w w galerii &gt;&gt;<\/a><\/p>\n","protected":false},"excerpt":{"rendered":"<p>W dniu 21 wrze\u015bnia 2009 r. w\u0119dkarze z Ko\u0142a nr 38 &#8222;Narew&#8221; w Ostro\u0142\u0119ce wyp\u0142yn\u0119li na kutrze &#8222;Admira\u0142 I&#8221; z portu we W\u0142adys\u0142awowie na VI Mistrzostwa Morskie. Pomimo s\u0142o\u0144ca wia\u0142 niesprzyjaj\u0105cy wiatr p\u00f3\u0142nocny , kt\u00f3ry rozbuja\u0142 morze do &#8222;sz\u00f3stki&#8221;, kurpiowskie wilki morskie pomimo tego przyst\u0105pi\u0142y do zawod\u00f3w. Trudne warunki, kt\u00f3rych nie ul\u0119k\u0142a si\u0119 jedyna kobieta na pok\u0142adzie Kasia Kamionowska pozwoli\u0142y na wy\u0142onienie zwyci\u0119zc\u00f3w tych mistrzostw.<\/p>\n","protected":false},"author":1,"featured_media":0,"comment_status":"closed","ping_status":"closed","sticky":false,"template":"","format":"standard","meta":{"footnotes":""},"categories":[20,17],"tags":[],"class_list":["post-758","post","type-post","status-publish","format-standard","hentry","category-newsy","category-imprezy"],"_links":{"self":[{"href":"https:\/\/www.pzwnarew.pl\/index.php?rest_route=\/wp\/v2\/posts\/758","targetHints":{"allow":["GET"]}}],"collection":[{"href":"https:\/\/www.pzwnarew.pl\/index.php?rest_route=\/wp\/v2\/posts"}],"about":[{"href":"https:\/\/www.pzwnarew.pl\/index.php?rest_route=\/wp\/v2\/types\/post"}],"author":[{"embeddable":true,"href":"https:\/\/www.pzwnarew.pl\/index.php?rest_route=\/wp\/v2\/users\/1"}],"replies":[{"embeddable":true,"href":"https:\/\/www.pzwnarew.pl\/index.php?rest_route=%2Fwp%2Fv2%2Fcomments&post=758"}],"version-history":[{"count":5,"href":"https:\/\/www.pzwnarew.pl\/index.php?rest_route=\/wp\/v2\/posts\/758\/revisions"}],"predecessor-version":[{"id":766,"href":"https:\/\/www.pzwnarew.pl\/index.php?rest_route=\/wp\/v2\/posts\/758\/revisions\/766"}],"wp:attachment":[{"href":"https:\/\/www.pzwnarew.pl\/index.php?rest_route=%2Fwp%2Fv2%2Fmedia&parent=758"}],"wp:term":[{"taxonomy":"category","embeddable":true,"href":"https:\/\/www.pzwnarew.pl\/index.php?rest_route=%2Fwp%2Fv2%2Fcategories&post=758"},{"taxonomy":"post_tag","embeddable":true,"href":"https:\/\/www.pzwnarew.pl\/index.php?rest_route=%2Fwp%2Fv2%2Ftags&post=758"}],"curies":[{"name":"wp","href":"https:\/\/api.w.org\/{rel}","templated":true}]}}