{"id":7545,"date":"2017-09-16T12:00:56","date_gmt":"2017-09-16T10:00:56","guid":{"rendered":"http:\/\/www.pzwnarew.pl\/?p=7545"},"modified":"2017-09-19T09:44:44","modified_gmt":"2017-09-19T07:44:44","slug":"plama-oleju-na-narwi","status":"publish","type":"post","link":"https:\/\/www.pzwnarew.pl\/?p=7545","title":{"rendered":"Plama oleju na Narwi"},"content":{"rendered":"<p><span class=\"art_tresc\">.W dniu dzisiejszym 16.09.2017 roku plam\u0119 oleju <a href=\"http:\/\/www.pzwnarew.pl\/wp-content\/uploads\/2017\/08\/19575152_1561886310548594_5301794082591974852_o.jpg\"><img loading=\"lazy\" decoding=\"async\" class=\"alignright size-thumbnail wp-image-7494\" src=\"http:\/\/www.pzwnarew.pl\/wp-content\/uploads\/2017\/08\/19575152_1561886310548594_5301794082591974852_o-150x150.jpg\" alt=\"19575152_1561886310548594_5301794082591974852_o\" width=\"150\" height=\"150\" \/><\/a>p\u0142yn\u0105c\u0105 Narwi\u0105 od strony ostro\u0142\u0119ckiej elektrowni zauwa\u017cy\u0142 dzi\u015b rano przypadkowy w\u0119dkarz.Natychmiast powiadomi\u0142 on Pa\u0144stwow\u0105 Stra\u017c Ryback\u0105, kt\u00f3rej funkcjonariusze z kolei zawiadomili stra\u017c po\u017carn\u0105.<\/span><\/p>\n<p>Jak ustalili\u015bmy, do niegro\u017anej na szcz\u0119\u015bcie awarii dosz\u0142o w ch\u0142odnicy m\u0142ynu w\u0119glowego. Usterka zosta\u0142a szybko zlokalizowana przez pracownik\u00f3w elektrowni. Przy u\u017cyciu specjalistycznych \u015brodk\u00f3w plama zosta\u0142a zneutralizowana. Na miejsce zadysponowano dwie jednostki stra\u017cackie w tym tak\u017ce w\u00f3z ratownictwa chemicznego.<span class=\"art_tresc\">Sytuacj\u0119 opanowali pracownicy elektrowni .W\u0142asnymi si\u0142ami i \u015brodkami zneutralizowali plam\u0119, dlatego te\u017c <span id=\"akon_nsitsp_1\">dzia\u0142ania<\/span> PSP nie by\u0142y konieczne<\/span>\u00a0 W dzia\u0142aniach uczestniczyli cz\u0142onkowie Spo\u0142ecznej Stra\u017cy Rybackiej \u201eNarew\u201d, Pa\u0144stwowa Stra\u017c Rybacka, Pa\u0144stwowa Stra\u017c Po\u017carna i Policja. Dzi\u0119ki szybkim i sprawnym dzia\u0142aniom ju\u017c po pierwszym sygnale od w\u0119dkarza, sytuacja zosta\u0142a b\u0142yskawicznie opanowana &#8211; powiedzia\u0142 Dow\u00f3dca grupy Spo\u0142ecznej stra\u017cy Rybackiej przy naszym kole S\u0142awomir Budzi\u0142ek. Wielkie podzi\u0119kowania dla w\u0119dkarza za szybk\u0105 zdecydowan\u0105 reakcj\u0119.<\/p>\n<p>&nbsp;<\/p>\n","protected":false},"excerpt":{"rendered":"<p>.W dniu dzisiejszym 16.09.2017 roku plam\u0119 oleju p\u0142yn\u0105c\u0105 Narwi\u0105 od strony ostro\u0142\u0119ckiej elektrowni zauwa\u017cy\u0142 dzi\u015b rano przypadkowy w\u0119dkarz.Natychmiast powiadomi\u0142 on Pa\u0144stwow\u0105 Stra\u017c Ryback\u0105, kt\u00f3rej funkcjonariusze z kolei zawiadomili stra\u017c po\u017carn\u0105. Jak ustalili\u015bmy, do niegro\u017anej na szcz\u0119\u015bcie awarii dosz\u0142o w ch\u0142odnicy m\u0142ynu w\u0119glowego. Usterka zosta\u0142a szybko zlokalizowana przez pracownik\u00f3w elektrowni. Przy u\u017cyciu specjalistycznych \u015brodk\u00f3w plama zosta\u0142a zneutralizowana. Na miejsce zadysponowano dwie jednostki stra\u017cackie w tym tak\u017ce w\u00f3z ratownictwa chemicznego.Sytuacj\u0119 opanowali pracownicy elektrowni .W\u0142asnymi si\u0142ami i \u015brodkami zneutralizowali plam\u0119, dlatego te\u017c dzia\u0142ania&#8230;<\/p>\n<p class=\"read-more\"><a class=\"btn btn-default\" href=\"https:\/\/www.pzwnarew.pl\/?p=7545\"> Read More<span class=\"screen-reader-text\">  Read More<\/span><\/a><\/p>\n","protected":false},"author":2,"featured_media":0,"comment_status":"open","ping_status":"closed","sticky":false,"template":"","format":"standard","meta":{"footnotes":""},"categories":[24],"tags":[],"class_list":["post-7545","post","type-post","status-publish","format-standard","hentry","category-ochrona-wod"],"_links":{"self":[{"href":"https:\/\/www.pzwnarew.pl\/index.php?rest_route=\/wp\/v2\/posts\/7545","targetHints":{"allow":["GET"]}}],"collection":[{"href":"https:\/\/www.pzwnarew.pl\/index.php?rest_route=\/wp\/v2\/posts"}],"about":[{"href":"https:\/\/www.pzwnarew.pl\/index.php?rest_route=\/wp\/v2\/types\/post"}],"author":[{"embeddable":true,"href":"https:\/\/www.pzwnarew.pl\/index.php?rest_route=\/wp\/v2\/users\/2"}],"replies":[{"embeddable":true,"href":"https:\/\/www.pzwnarew.pl\/index.php?rest_route=%2Fwp%2Fv2%2Fcomments&post=7545"}],"version-history":[{"count":8,"href":"https:\/\/www.pzwnarew.pl\/index.php?rest_route=\/wp\/v2\/posts\/7545\/revisions"}],"predecessor-version":[{"id":7564,"href":"https:\/\/www.pzwnarew.pl\/index.php?rest_route=\/wp\/v2\/posts\/7545\/revisions\/7564"}],"wp:attachment":[{"href":"https:\/\/www.pzwnarew.pl\/index.php?rest_route=%2Fwp%2Fv2%2Fmedia&parent=7545"}],"wp:term":[{"taxonomy":"category","embeddable":true,"href":"https:\/\/www.pzwnarew.pl\/index.php?rest_route=%2Fwp%2Fv2%2Fcategories&post=7545"},{"taxonomy":"post_tag","embeddable":true,"href":"https:\/\/www.pzwnarew.pl\/index.php?rest_route=%2Fwp%2Fv2%2Ftags&post=7545"}],"curies":[{"name":"wp","href":"https:\/\/api.w.org\/{rel}","templated":true}]}}