{"id":7539,"date":"2017-09-15T18:22:26","date_gmt":"2017-09-15T16:22:26","guid":{"rendered":"http:\/\/www.pzwnarew.pl\/?p=7539"},"modified":"2017-09-17T19:20:03","modified_gmt":"2017-09-17T17:20:03","slug":"sprzatanie-swiata-narwianskiego","status":"publish","type":"post","link":"https:\/\/www.pzwnarew.pl\/?p=7539","title":{"rendered":"SPRZ\u0104TANIE \u015aWIATA NARWIA\u0143SKIEGO"},"content":{"rendered":"<p>Z pomys\u0142u S\u0142awka Budzi\u0142ka narodzi\u0142o si\u0119 dzisiejsze sprz\u0105tanie brzeg\u00f3w Narwi , pomagali stra\u017cnicy oraz osobi\u015bcie Komendant Powiatowy SSRyb w Ostro\u0142\u0119ce. Dzi\u0119kujemy kole\u017cance Ani z synem oraz ekipie reporterskiej z Mojej <a href=\"http:\/\/www.pzwnarew.pl\/wp-content\/uploads\/2017\/09\/20170915_174411.jpg\"><img loading=\"lazy\" decoding=\"async\" class=\"alignright wp-image-7541 size-thumbnail\" src=\"http:\/\/www.pzwnarew.pl\/wp-content\/uploads\/2017\/09\/20170915_174411-150x150.jpg\" alt=\"20170915_174411\" width=\"150\" height=\"150\" \/><\/a>Ostro\u0142\u0119ki .<a href=\"http:\/\/www.pzwnarew.pl\/wp-content\/uploads\/2017\/09\/20170915_173956.jpg\"><img loading=\"lazy\" decoding=\"async\" class=\"alignleft wp-image-7540 size-thumbnail\" src=\"http:\/\/www.pzwnarew.pl\/wp-content\/uploads\/2017\/09\/20170915_173956-150x150.jpg\" alt=\"20170915_173956\" width=\"150\" height=\"150\" \/><\/a><\/p>\n<p>&nbsp;<\/p>\n","protected":false},"excerpt":{"rendered":"<p>Z pomys\u0142u S\u0142awka Budzi\u0142ka narodzi\u0142o si\u0119 dzisiejsze sprz\u0105tanie brzeg\u00f3w Narwi , pomagali stra\u017cnicy oraz osobi\u015bcie Komendant Powiatowy SSRyb w Ostro\u0142\u0119ce. Dzi\u0119kujemy kole\u017cance Ani z synem oraz ekipie reporterskiej z Mojej Ostro\u0142\u0119ki . &nbsp;<\/p>\n","protected":false},"author":4,"featured_media":0,"comment_status":"open","ping_status":"closed","sticky":false,"template":"","format":"standard","meta":{"footnotes":""},"categories":[20],"tags":[],"class_list":["post-7539","post","type-post","status-publish","format-standard","hentry","category-newsy"],"_links":{"self":[{"href":"https:\/\/www.pzwnarew.pl\/index.php?rest_route=\/wp\/v2\/posts\/7539","targetHints":{"allow":["GET"]}}],"collection":[{"href":"https:\/\/www.pzwnarew.pl\/index.php?rest_route=\/wp\/v2\/posts"}],"about":[{"href":"https:\/\/www.pzwnarew.pl\/index.php?rest_route=\/wp\/v2\/types\/post"}],"author":[{"embeddable":true,"href":"https:\/\/www.pzwnarew.pl\/index.php?rest_route=\/wp\/v2\/users\/4"}],"replies":[{"embeddable":true,"href":"https:\/\/www.pzwnarew.pl\/index.php?rest_route=%2Fwp%2Fv2%2Fcomments&post=7539"}],"version-history":[{"count":3,"href":"https:\/\/www.pzwnarew.pl\/index.php?rest_route=\/wp\/v2\/posts\/7539\/revisions"}],"predecessor-version":[{"id":7553,"href":"https:\/\/www.pzwnarew.pl\/index.php?rest_route=\/wp\/v2\/posts\/7539\/revisions\/7553"}],"wp:attachment":[{"href":"https:\/\/www.pzwnarew.pl\/index.php?rest_route=%2Fwp%2Fv2%2Fmedia&parent=7539"}],"wp:term":[{"taxonomy":"category","embeddable":true,"href":"https:\/\/www.pzwnarew.pl\/index.php?rest_route=%2Fwp%2Fv2%2Fcategories&post=7539"},{"taxonomy":"post_tag","embeddable":true,"href":"https:\/\/www.pzwnarew.pl\/index.php?rest_route=%2Fwp%2Fv2%2Ftags&post=7539"}],"curies":[{"name":"wp","href":"https:\/\/api.w.org\/{rel}","templated":true}]}}