{"id":7532,"date":"2017-09-13T18:56:19","date_gmt":"2017-09-13T16:56:19","guid":{"rendered":"http:\/\/www.pzwnarew.pl\/?p=7532"},"modified":"2017-10-18T11:47:54","modified_gmt":"2017-10-18T09:47:54","slug":"sum-na-sto-dwa","status":"publish","type":"post","link":"https:\/\/www.pzwnarew.pl\/?p=7532","title":{"rendered":"SUM NA STO DWA"},"content":{"rendered":"<p>Adam Kube\u0142 na Narwi z\u0142owi\u0142 Suma d\u0142ugo\u015bci 102 cm , ryba wr\u00f3ci\u0142a do wody mo\u017ce za rok b\u0119dzie mia\u0142 150 cm?<\/p>\n<p style=\"text-align: center;\"><a href=\"http:\/\/www.pzwnarew.pl\/wp-content\/uploads\/2017\/09\/19970679_1061086540687907_2106253792_n.png\"><img loading=\"lazy\" decoding=\"async\" class=\"aligncenter wp-image-7533 size-medium\" src=\"http:\/\/www.pzwnarew.pl\/wp-content\/uploads\/2017\/09\/19970679_1061086540687907_2106253792_n-300x191.png\" alt=\"19970679_1061086540687907_2106253792_n\" width=\"300\" height=\"191\" srcset=\"https:\/\/www.pzwnarew.pl\/wp-content\/uploads\/2017\/09\/19970679_1061086540687907_2106253792_n-300x191.png 300w, https:\/\/www.pzwnarew.pl\/wp-content\/uploads\/2017\/09\/19970679_1061086540687907_2106253792_n.png 864w\" sizes=\"auto, (max-width: 300px) 100vw, 300px\" \/><\/a> <a href=\"http:\/\/www.pzwnarew.pl\/wp-content\/uploads\/2017\/09\/19859246_1061086490687912_1543194416_o.jpg\"><img loading=\"lazy\" decoding=\"async\" class=\"aligncenter wp-image-7534 size-medium\" src=\"http:\/\/www.pzwnarew.pl\/wp-content\/uploads\/2017\/09\/19859246_1061086490687912_1543194416_o-300x169.jpg\" alt=\"19859246_1061086490687912_1543194416_o\" width=\"300\" height=\"169\" srcset=\"https:\/\/www.pzwnarew.pl\/wp-content\/uploads\/2017\/09\/19859246_1061086490687912_1543194416_o-300x169.jpg 300w, https:\/\/www.pzwnarew.pl\/wp-content\/uploads\/2017\/09\/19859246_1061086490687912_1543194416_o-1024x576.jpg 1024w, https:\/\/www.pzwnarew.pl\/wp-content\/uploads\/2017\/09\/19859246_1061086490687912_1543194416_o.jpg 2048w\" sizes=\"auto, (max-width: 300px) 100vw, 300px\" \/><\/a><\/p>\n","protected":false},"excerpt":{"rendered":"<p>Adam Kube\u0142 na Narwi z\u0142owi\u0142 Suma d\u0142ugo\u015bci 102 cm , ryba wr\u00f3ci\u0142a do wody mo\u017ce za rok b\u0119dzie mia\u0142 150 cm?<\/p>\n","protected":false},"author":4,"featured_media":0,"comment_status":"open","ping_status":"closed","sticky":false,"template":"","format":"standard","meta":{"footnotes":""},"categories":[20],"tags":[],"class_list":["post-7532","post","type-post","status-publish","format-standard","hentry","category-newsy"],"_links":{"self":[{"href":"https:\/\/www.pzwnarew.pl\/index.php?rest_route=\/wp\/v2\/posts\/7532","targetHints":{"allow":["GET"]}}],"collection":[{"href":"https:\/\/www.pzwnarew.pl\/index.php?rest_route=\/wp\/v2\/posts"}],"about":[{"href":"https:\/\/www.pzwnarew.pl\/index.php?rest_route=\/wp\/v2\/types\/post"}],"author":[{"embeddable":true,"href":"https:\/\/www.pzwnarew.pl\/index.php?rest_route=\/wp\/v2\/users\/4"}],"replies":[{"embeddable":true,"href":"https:\/\/www.pzwnarew.pl\/index.php?rest_route=%2Fwp%2Fv2%2Fcomments&post=7532"}],"version-history":[{"count":2,"href":"https:\/\/www.pzwnarew.pl\/index.php?rest_route=\/wp\/v2\/posts\/7532\/revisions"}],"predecessor-version":[{"id":7554,"href":"https:\/\/www.pzwnarew.pl\/index.php?rest_route=\/wp\/v2\/posts\/7532\/revisions\/7554"}],"wp:attachment":[{"href":"https:\/\/www.pzwnarew.pl\/index.php?rest_route=%2Fwp%2Fv2%2Fmedia&parent=7532"}],"wp:term":[{"taxonomy":"category","embeddable":true,"href":"https:\/\/www.pzwnarew.pl\/index.php?rest_route=%2Fwp%2Fv2%2Fcategories&post=7532"},{"taxonomy":"post_tag","embeddable":true,"href":"https:\/\/www.pzwnarew.pl\/index.php?rest_route=%2Fwp%2Fv2%2Ftags&post=7532"}],"curies":[{"name":"wp","href":"https:\/\/api.w.org\/{rel}","templated":true}]}}