{"id":752,"date":"2009-07-28T23:40:55","date_gmt":"2009-07-28T22:40:55","guid":{"rendered":"http:\/\/www.ostroleka.com.pl\/pzw-narew38\/?p=752"},"modified":"2011-03-19T23:41:50","modified_gmt":"2011-03-19T22:41:50","slug":"maraton-2009","status":"publish","type":"post","link":"https:\/\/www.pzwnarew.pl\/?p=752","title":{"rendered":"MARATON 2009"},"content":{"rendered":"<p><strong><a href=\"http:\/\/www.ostroleka.com.pl\/pzw-narew38\/wp-content\/uploads\/2011\/03\/maraton_2009_01.jpg\"><img loading=\"lazy\" decoding=\"async\" class=\"alignleft size-thumbnail wp-image-753\" title=\"maraton_2009_01\" src=\"http:\/\/www.ostroleka.com.pl\/pzw-narew38\/wp-content\/uploads\/2011\/03\/maraton_2009_01-150x150.jpg\" alt=\"\" width=\"150\" height=\"150\" \/><\/a>Czwarta edycja maratonu Ko\u0142a PZW &#8222;Narew&#8221; rozegrana zosta\u0142a przy wysokiej wodzie nios\u0105cej du\u017co zanieczyszcze\u0144 i \u015bmieci.<\/strong><\/p>\n<p>W\u0119dkarze wszystkich dziewi\u0119ciu dru\u017cyn rozmawiali o tragedii ekologicznej na Bugu i obawiano si\u0119 czy sytuacja nie powt\u00f3rzy si\u0119 na Narwi. Bardzo s\u0142abo \u017cerowa\u0142a wszelka ryba, zawodnicy zdobywali punkty kr\u0105piami.<br \/>\nPo szesnastu godzinach w\u0119dkowania, typowani do zwyci\u0119stwa dru\u017cyna J\u00f3zefa Dziadka potwierdzi\u0142a oczekiwania i zaj\u0119\u0142a pierwsze miejsce. Niespodziank\u0105 by\u0142o za to miejsce drugie i najwi\u0119ksza niespodzianka to trzecie miejsce dru\u017cyny Andrzeja Zr\u0119by.<!--more--><\/p>\n<p><a href=\"http:\/\/www.ostroleka.com.pl\/pzw-narew38\/wp-content\/uploads\/2011\/03\/maraton_2009_02.jpg\"><img loading=\"lazy\" decoding=\"async\" class=\"size-full wp-image-754 aligncenter\" title=\"maraton_2009_02\" src=\"http:\/\/www.ostroleka.com.pl\/pzw-narew38\/wp-content\/uploads\/2011\/03\/maraton_2009_02.jpg\" alt=\"\" width=\"449\" height=\"196\" srcset=\"https:\/\/www.pzwnarew.pl\/wp-content\/uploads\/2011\/03\/maraton_2009_02.jpg 449w, https:\/\/www.pzwnarew.pl\/wp-content\/uploads\/2011\/03\/maraton_2009_02-300x130.jpg 300w\" sizes=\"auto, (max-width: 449px) 100vw, 449px\" \/><\/a><\/p>\n<p>Sk\u0142ady i wyniki najlepszych dru\u017cyn:<\/p>\n<p>I miejsce.<br \/>\nJ\u00f3zef Dziadak, Maciej Dziadak, Pawe\u0142 Myszka<\/p>\n<p>II miejsce<br \/>\nJacek Bednarczyk, Andrzej Za\u0142\u0119ski, Piotr \u017bera\u0144ski<\/p>\n<p>III miejsce<br \/>\nAndrzej Zar\u0119ba, Sebastian Bia\u0142czak, Krzysztof Kuczy\u0144ski<\/p>\n<p style=\"text-align: right;\">Najwi\u0119ksza ryba zawod\u00f3w to kilowy ja\u017a z\u0142owiony przez Piotra \u017bera\u0144skiego.<br \/>\nandraszoka<\/p>\n<p style=\"text-align: center;\"><a href=\"http:\/\/www.ostroleka.com.pl\/gallery_pzw\/thumbnails.php?album=58\" target=\"_blank\">Wi\u0119cej zdj\u0119\u0107 z zawod\u00f3w w galerii PZW &#8222;Narew&#8221; &gt;&gt;<\/a><\/p>\n","protected":false},"excerpt":{"rendered":"<p>Czwarta edycja maratonu Ko\u0142a PZW &#8222;Narew&#8221; rozegrana zosta\u0142a przy wysokiej wodzie nios\u0105cej du\u017co zanieczyszcze\u0144 i \u015bmieci. W\u0119dkarze wszystkich dziewi\u0119ciu dru\u017cyn rozmawiali o tragedii ekologicznej na Bugu i obawiano si\u0119 czy sytuacja nie powt\u00f3rzy si\u0119 na Narwi. Bardzo s\u0142abo \u017cerowa\u0142a wszelka ryba, zawodnicy zdobywali punkty kr\u0105piami. Po szesnastu godzinach w\u0119dkowania, typowani do zwyci\u0119stwa dru\u017cyna J\u00f3zefa Dziadka potwierdzi\u0142a oczekiwania i zaj\u0119\u0142a pierwsze miejsce. Niespodziank\u0105 by\u0142o za to miejsce drugie i najwi\u0119ksza niespodzianka to trzecie miejsce dru\u017cyny Andrzeja Zr\u0119by.<\/p>\n","protected":false},"author":1,"featured_media":0,"comment_status":"closed","ping_status":"closed","sticky":false,"template":"","format":"standard","meta":{"footnotes":""},"categories":[20,17],"tags":[],"class_list":["post-752","post","type-post","status-publish","format-standard","hentry","category-newsy","category-imprezy"],"_links":{"self":[{"href":"https:\/\/www.pzwnarew.pl\/index.php?rest_route=\/wp\/v2\/posts\/752","targetHints":{"allow":["GET"]}}],"collection":[{"href":"https:\/\/www.pzwnarew.pl\/index.php?rest_route=\/wp\/v2\/posts"}],"about":[{"href":"https:\/\/www.pzwnarew.pl\/index.php?rest_route=\/wp\/v2\/types\/post"}],"author":[{"embeddable":true,"href":"https:\/\/www.pzwnarew.pl\/index.php?rest_route=\/wp\/v2\/users\/1"}],"replies":[{"embeddable":true,"href":"https:\/\/www.pzwnarew.pl\/index.php?rest_route=%2Fwp%2Fv2%2Fcomments&post=752"}],"version-history":[{"count":3,"href":"https:\/\/www.pzwnarew.pl\/index.php?rest_route=\/wp\/v2\/posts\/752\/revisions"}],"predecessor-version":[{"id":757,"href":"https:\/\/www.pzwnarew.pl\/index.php?rest_route=\/wp\/v2\/posts\/752\/revisions\/757"}],"wp:attachment":[{"href":"https:\/\/www.pzwnarew.pl\/index.php?rest_route=%2Fwp%2Fv2%2Fmedia&parent=752"}],"wp:term":[{"taxonomy":"category","embeddable":true,"href":"https:\/\/www.pzwnarew.pl\/index.php?rest_route=%2Fwp%2Fv2%2Fcategories&post=752"},{"taxonomy":"post_tag","embeddable":true,"href":"https:\/\/www.pzwnarew.pl\/index.php?rest_route=%2Fwp%2Fv2%2Ftags&post=752"}],"curies":[{"name":"wp","href":"https:\/\/api.w.org\/{rel}","templated":true}]}}