{"id":7515,"date":"2017-09-08T18:31:58","date_gmt":"2017-09-08T16:31:58","guid":{"rendered":"http:\/\/www.pzwnarew.pl\/?p=7515"},"modified":"2017-09-08T18:42:57","modified_gmt":"2017-09-08T16:42:57","slug":"klusownik-zatrzymany-na-goracym-przez-psr","status":"publish","type":"post","link":"https:\/\/www.pzwnarew.pl\/?p=7515","title":{"rendered":"K\u0142usownik zatrzymany na gor\u0105cym przez PSR i KMP"},"content":{"rendered":"<p><span class=\"art_tresc\">8 wrze\u015bnia, oko\u0142o godziny 10:00 Pa\u0144stwowa Stra\u017c Rybacka z Ostro\u0142\u0119ki wraz funkcjonariuszem z KMP w Ostro\u0142\u0119ce <a href=\"http:\/\/www.pzwnarew.pl\/wp-content\/uploads\/2017\/09\/klusownik.jpg\"><img loading=\"lazy\" decoding=\"async\" class=\"alignright size-thumbnail wp-image-7516\" src=\"http:\/\/www.pzwnarew.pl\/wp-content\/uploads\/2017\/09\/klusownik-150x150.jpg\" alt=\"klusownik\" width=\"150\" height=\"150\" \/><\/a>zatrzymali osob\u0119 rozstawiaj\u0105c\u0105 sie\u0107 z \u0142\u00f3dki na starorzeczu Narwi w miejscowo\u015bci \u0141\u0119g Staro\u015bci\u0144ski. Druga sie\u0107 znajdowa\u0142a si\u0119 w wodzie by\u0142a ju\u017c ca\u0142kowicie rozstawiona.<br \/>\n<\/span><\/p>\n<p>M\u0119\u017cczyzna odpowie za pope\u0142nienie przest\u0119pstwa k\u0142usownictwa rybackiego, za kt\u00f3re zgodnie z art. 27 c ust. 1 pkt 2 ustawy o rybactwie \u015br\u00f3dl\u0105dowym, grozi kara grzywny, ograniczenia wolno\u015bci albo pozbawienia wolno\u015bci do lat 2. <!--more--><\/p>\n<p><a href=\"http:\/\/www.pzwnarew.pl\/wp-content\/uploads\/2017\/09\/img_20170908_112500.jpg\"><img loading=\"lazy\" decoding=\"async\" class=\"aligncenter size-medium wp-image-7517\" src=\"http:\/\/www.pzwnarew.pl\/wp-content\/uploads\/2017\/09\/img_20170908_112500-169x300.jpg\" alt=\"img_20170908_112500\" width=\"169\" height=\"300\" srcset=\"https:\/\/www.pzwnarew.pl\/wp-content\/uploads\/2017\/09\/img_20170908_112500-169x300.jpg 169w, https:\/\/www.pzwnarew.pl\/wp-content\/uploads\/2017\/09\/img_20170908_112500.jpg 338w\" sizes=\"auto, (max-width: 169px) 100vw, 169px\" \/><\/a><\/p>\n","protected":false},"excerpt":{"rendered":"<p>8 wrze\u015bnia, oko\u0142o godziny 10:00 Pa\u0144stwowa Stra\u017c Rybacka z Ostro\u0142\u0119ki wraz funkcjonariuszem z KMP w Ostro\u0142\u0119ce zatrzymali osob\u0119 rozstawiaj\u0105c\u0105 sie\u0107 z \u0142\u00f3dki na starorzeczu Narwi w miejscowo\u015bci \u0141\u0119g Staro\u015bci\u0144ski. Druga sie\u0107 znajdowa\u0142a si\u0119 w wodzie by\u0142a ju\u017c ca\u0142kowicie rozstawiona. M\u0119\u017cczyzna odpowie za pope\u0142nienie przest\u0119pstwa k\u0142usownictwa rybackiego, za kt\u00f3re zgodnie z art. 27 c ust. 1 pkt 2 ustawy o rybactwie \u015br\u00f3dl\u0105dowym, grozi kara grzywny, ograniczenia wolno\u015bci albo pozbawienia wolno\u015bci do lat 2.<\/p>\n","protected":false},"author":2,"featured_media":0,"comment_status":"open","ping_status":"closed","sticky":false,"template":"","format":"standard","meta":{"footnotes":""},"categories":[20,24],"tags":[],"class_list":["post-7515","post","type-post","status-publish","format-standard","hentry","category-newsy","category-ochrona-wod"],"_links":{"self":[{"href":"https:\/\/www.pzwnarew.pl\/index.php?rest_route=\/wp\/v2\/posts\/7515","targetHints":{"allow":["GET"]}}],"collection":[{"href":"https:\/\/www.pzwnarew.pl\/index.php?rest_route=\/wp\/v2\/posts"}],"about":[{"href":"https:\/\/www.pzwnarew.pl\/index.php?rest_route=\/wp\/v2\/types\/post"}],"author":[{"embeddable":true,"href":"https:\/\/www.pzwnarew.pl\/index.php?rest_route=\/wp\/v2\/users\/2"}],"replies":[{"embeddable":true,"href":"https:\/\/www.pzwnarew.pl\/index.php?rest_route=%2Fwp%2Fv2%2Fcomments&post=7515"}],"version-history":[{"count":5,"href":"https:\/\/www.pzwnarew.pl\/index.php?rest_route=\/wp\/v2\/posts\/7515\/revisions"}],"predecessor-version":[{"id":7522,"href":"https:\/\/www.pzwnarew.pl\/index.php?rest_route=\/wp\/v2\/posts\/7515\/revisions\/7522"}],"wp:attachment":[{"href":"https:\/\/www.pzwnarew.pl\/index.php?rest_route=%2Fwp%2Fv2%2Fmedia&parent=7515"}],"wp:term":[{"taxonomy":"category","embeddable":true,"href":"https:\/\/www.pzwnarew.pl\/index.php?rest_route=%2Fwp%2Fv2%2Fcategories&post=7515"},{"taxonomy":"post_tag","embeddable":true,"href":"https:\/\/www.pzwnarew.pl\/index.php?rest_route=%2Fwp%2Fv2%2Ftags&post=7515"}],"curies":[{"name":"wp","href":"https:\/\/api.w.org\/{rel}","templated":true}]}}