{"id":7493,"date":"2017-08-26T09:38:57","date_gmt":"2017-08-26T07:38:57","guid":{"rendered":"http:\/\/www.pzwnarew.pl\/?p=7493"},"modified":"2017-08-26T09:38:57","modified_gmt":"2017-08-26T07:38:57","slug":"metna-zolta-woda-na-narwi","status":"publish","type":"post","link":"https:\/\/www.pzwnarew.pl\/?p=7493","title":{"rendered":"M\u0119tna &#8211; \u017c\u00f3\u0142ta woda na Narwi"},"content":{"rendered":"<p><span class=\"art_tresc\">W\u0119dkarze \u0142owi\u0105cy ryby na rzece Narew zwr\u00f3cili wczoraj uwag\u0119 na kolor w<span id=\"akon_nsitsp_0\">ody<\/span> &#8211; m\u0119tna, \u017c\u00f3\u0142ta i wyra\u017anie <a href=\"http:\/\/www.pzwnarew.pl\/wp-content\/uploads\/2017\/08\/19575152_1561886310548594_5301794082591974852_o.jpg\"><img loading=\"lazy\" decoding=\"async\" class=\"alignright size-thumbnail wp-image-7494\" src=\"http:\/\/www.pzwnarew.pl\/wp-content\/uploads\/2017\/08\/19575152_1561886310548594_5301794082591974852_o-150x150.jpg\" alt=\"19575152_1561886310548594_5301794082591974852_o\" width=\"150\" height=\"150\" \/><\/a>zanieczyszczona woda spowodowa\u0142a, \u017ce wszcz\u0119li oni alarm. Spo\u0142eczna Stra\u017c Rybacka Narew 38 Ostro\u0142\u0119ka wyja\u015bni\u0142a t\u0119 sytuacj\u0119. Co by\u0142o przyczyn\u0105 takiego stanu rzeczy?<\/p>\n<p>&#8211; Otrzymali\u015bmy informacj\u0119 od w\u0119dkarzy \u017ce rzek\u0105 Narew p\u0142ynie m\u0119tna zanieczyszczona woda. Natychmiast zwodowali\u015bmy \u0142\u00f3d\u017a i <span id=\"akon_nsitsp_2\">udali\u015bmy<\/span> si\u0119 w g\u00f3r\u0119 rzeki. Okaza\u0142o si\u0119 \u017ce firma robi\u0105ca pr\u00f3g &#8222;zw\u0119\u017cenie&#8221;na Narwi w okolicach Elektrowni u\u017cywa\u0142a du\u017cej pompy do <span id=\"akon_nsitsp_1\">wypompowywania<\/span> wody. Pompa zaci\u0105ga\u0142a piasek i dlatego by\u0142o na <span id=\"akon_nsitsp_5\">wodzie<\/span> wida\u0107 du\u017ce zanieczyszczenie niegro\u017ane dla naszych ryb. Dzi\u0119kujemy w\u0119dkarzom za telefony i obiecujemy ze interweniujemy na ka\u017cde zg<span id=\"akon_nsitsp_4\">\u0142oszenie.<\/span><br \/>\n<\/span><\/p>\n","protected":false},"excerpt":{"rendered":"<p>W\u0119dkarze \u0142owi\u0105cy ryby na rzece Narew zwr\u00f3cili wczoraj uwag\u0119 na kolor wody &#8211; m\u0119tna, \u017c\u00f3\u0142ta i wyra\u017anie zanieczyszczona woda spowodowa\u0142a, \u017ce wszcz\u0119li oni alarm. Spo\u0142eczna Stra\u017c Rybacka Narew 38 Ostro\u0142\u0119ka wyja\u015bni\u0142a t\u0119 sytuacj\u0119. Co by\u0142o przyczyn\u0105 takiego stanu rzeczy? &#8211; Otrzymali\u015bmy informacj\u0119 od w\u0119dkarzy \u017ce rzek\u0105 Narew p\u0142ynie m\u0119tna zanieczyszczona woda. Natychmiast zwodowali\u015bmy \u0142\u00f3d\u017a i udali\u015bmy si\u0119 w g\u00f3r\u0119 rzeki. Okaza\u0142o si\u0119 \u017ce firma robi\u0105ca pr\u00f3g &#8222;zw\u0119\u017cenie&#8221;na Narwi w okolicach Elektrowni u\u017cywa\u0142a du\u017cej pompy do wypompowywania wody. Pompa zaci\u0105ga\u0142a piasek&#8230;<\/p>\n<p class=\"read-more\"><a class=\"btn btn-default\" href=\"https:\/\/www.pzwnarew.pl\/?p=7493\"> Read More<span class=\"screen-reader-text\">  Read More<\/span><\/a><\/p>\n","protected":false},"author":2,"featured_media":0,"comment_status":"open","ping_status":"closed","sticky":false,"template":"","format":"standard","meta":{"footnotes":""},"categories":[20,24],"tags":[],"class_list":["post-7493","post","type-post","status-publish","format-standard","hentry","category-newsy","category-ochrona-wod"],"_links":{"self":[{"href":"https:\/\/www.pzwnarew.pl\/index.php?rest_route=\/wp\/v2\/posts\/7493","targetHints":{"allow":["GET"]}}],"collection":[{"href":"https:\/\/www.pzwnarew.pl\/index.php?rest_route=\/wp\/v2\/posts"}],"about":[{"href":"https:\/\/www.pzwnarew.pl\/index.php?rest_route=\/wp\/v2\/types\/post"}],"author":[{"embeddable":true,"href":"https:\/\/www.pzwnarew.pl\/index.php?rest_route=\/wp\/v2\/users\/2"}],"replies":[{"embeddable":true,"href":"https:\/\/www.pzwnarew.pl\/index.php?rest_route=%2Fwp%2Fv2%2Fcomments&post=7493"}],"version-history":[{"count":1,"href":"https:\/\/www.pzwnarew.pl\/index.php?rest_route=\/wp\/v2\/posts\/7493\/revisions"}],"predecessor-version":[{"id":7495,"href":"https:\/\/www.pzwnarew.pl\/index.php?rest_route=\/wp\/v2\/posts\/7493\/revisions\/7495"}],"wp:attachment":[{"href":"https:\/\/www.pzwnarew.pl\/index.php?rest_route=%2Fwp%2Fv2%2Fmedia&parent=7493"}],"wp:term":[{"taxonomy":"category","embeddable":true,"href":"https:\/\/www.pzwnarew.pl\/index.php?rest_route=%2Fwp%2Fv2%2Fcategories&post=7493"},{"taxonomy":"post_tag","embeddable":true,"href":"https:\/\/www.pzwnarew.pl\/index.php?rest_route=%2Fwp%2Fv2%2Ftags&post=7493"}],"curies":[{"name":"wp","href":"https:\/\/api.w.org\/{rel}","templated":true}]}}