{"id":7436,"date":"2017-06-08T12:21:41","date_gmt":"2017-06-08T10:21:41","guid":{"rendered":"http:\/\/www.pzwnarew.pl\/?p=7436"},"modified":"2017-06-10T12:30:16","modified_gmt":"2017-06-10T10:30:16","slug":"final-szkolnych-dni-ekologii-w-gimnazjum-nr-2","status":"publish","type":"post","link":"https:\/\/www.pzwnarew.pl\/?p=7436","title":{"rendered":"Fina\u0142 Szkolnych Dni Ekologii w Gimnazjum nr 2"},"content":{"rendered":"<p>Szkolne Dni Ekologii, to akcja polegaj\u0105ca m.in. na organizacji konkursu o tematyce zwi\u0105zanej z ochron\u0105 przyrody i <a href=\"http:\/\/www.pzwnarew.pl\/wp-content\/uploads\/2017\/06\/18893229_802684149894315_1928244645920816949_n.jpg\"><img loading=\"lazy\" decoding=\"async\" class=\"alignright size-thumbnail wp-image-7437\" src=\"http:\/\/www.pzwnarew.pl\/wp-content\/uploads\/2017\/06\/18893229_802684149894315_1928244645920816949_n-150x150.jpg\" alt=\"18893229_802684149894315_1928244645920816949_n\" width=\"150\" height=\"150\" \/><\/a>przeprowadzeniu zbi\u00f3rki makulatury i baterii.<\/p>\n<p>Na uroczystym podsumowaniu, wicedyrektor gimnazjum Barbara Serejko powita\u0142a uczni\u00f3w, nauczycieli i go\u015bci . W spotkaniu wyg\u0142osili prelekcje zaproszeni go\u015bcie: Andrzej Raszkiewicz \u2013 Prezes ko\u0142a Narew Polskiego Zwi\u0105zku W\u0119dkarskiego i Wojciech jarz\u0105bek \u2013 Wiceprezes PZW Narew<\/p>\n<p>Ko\u0142o PZW Narew\u00a0 by\u0142 przed dwoma laty organizatorem konkursu fotograficznego Narew, kt\u00f3rego fina\u0142 mia\u0142 miejsce w \u015bwi\u0119to Dnia Ziemi w Ostro\u0142\u0119ce. Zdj\u0119cia pokonkursowe \u00a0eksponowano w holu szko\u0142y przez ca\u0142y czas dni ekologii i stanowi\u0142y doskona\u0142e t\u0142o do wyst\u0105pie\u0144 i wr\u0119czenia nagr\u00f3d konkurs\u00f3w.<!--more--><\/p>\n<p>Dyplomy i nagrody laureatom najwa\u017cniejszego z nich, konkursu wiedzy ekologicznej \u201eMy\u015bl\u0119 i dzia\u0142am ekologicznie\u201d wr\u0119czy\u0142a Marzena Borkowska &#8211; dyrektor szko\u0142y, wraz z prowadz\u0105cymi konkurs nauczycielkami Renat\u0105 Lis i Ew\u0105 Martynowicz. \u00a0Konkurs wygra\u0142a Magdalena Pstr\u0105gowska z klasy 2b przed Ew\u0105 Zamojsk\u0105 \u00a0&#8211; kl. 1a i Wiktori\u0105 Stepnowsk\u0105 &#8211; kl. 3b oraz Bartkiem Zadro\u017cnym &#8211; kl. 2c, kt\u00f3rzy exe-quo zaj\u0119li trzecie miejsce.<\/p>\n<p>Fina\u0142 Szkolnych Dni Ekologii w Gimnazjum nr 2 odby\u0142 8 czerwca 2017<\/p>\n<p><a href=\"http:\/\/www.pzwnarew.pl\/wp-content\/uploads\/2017\/06\/18951512_802684343227629_8066753177086377651_n.jpg\"><img loading=\"lazy\" decoding=\"async\" class=\"aligncenter size-medium wp-image-7438\" src=\"http:\/\/www.pzwnarew.pl\/wp-content\/uploads\/2017\/06\/18951512_802684343227629_8066753177086377651_n-300x225.jpg\" alt=\"18951512_802684343227629_8066753177086377651_n\" width=\"300\" height=\"225\" srcset=\"https:\/\/www.pzwnarew.pl\/wp-content\/uploads\/2017\/06\/18951512_802684343227629_8066753177086377651_n-300x225.jpg 300w, https:\/\/www.pzwnarew.pl\/wp-content\/uploads\/2017\/06\/18951512_802684343227629_8066753177086377651_n.jpg 960w\" sizes=\"auto, (max-width: 300px) 100vw, 300px\" \/><\/a><\/p>\n<p>&nbsp;<\/p>\n","protected":false},"excerpt":{"rendered":"<p>Szkolne Dni Ekologii, to akcja polegaj\u0105ca m.in. na organizacji konkursu o tematyce zwi\u0105zanej z ochron\u0105 przyrody i przeprowadzeniu zbi\u00f3rki makulatury i baterii. Na uroczystym podsumowaniu, wicedyrektor gimnazjum Barbara Serejko powita\u0142a uczni\u00f3w, nauczycieli i go\u015bci . W spotkaniu wyg\u0142osili prelekcje zaproszeni go\u015bcie: Andrzej Raszkiewicz \u2013 Prezes ko\u0142a Narew Polskiego Zwi\u0105zku W\u0119dkarskiego i Wojciech jarz\u0105bek \u2013 Wiceprezes PZW Narew Ko\u0142o PZW Narew\u00a0 by\u0142 przed dwoma laty organizatorem konkursu fotograficznego Narew, kt\u00f3rego fina\u0142 mia\u0142 miejsce w \u015bwi\u0119to Dnia Ziemi w Ostro\u0142\u0119ce. Zdj\u0119cia pokonkursowe&#8230;<\/p>\n<p class=\"read-more\"><a class=\"btn btn-default\" href=\"https:\/\/www.pzwnarew.pl\/?p=7436\"> Read More<span class=\"screen-reader-text\">  Read More<\/span><\/a><\/p>\n","protected":false},"author":2,"featured_media":0,"comment_status":"open","ping_status":"closed","sticky":false,"template":"","format":"standard","meta":{"footnotes":""},"categories":[20],"tags":[],"class_list":["post-7436","post","type-post","status-publish","format-standard","hentry","category-newsy"],"_links":{"self":[{"href":"https:\/\/www.pzwnarew.pl\/index.php?rest_route=\/wp\/v2\/posts\/7436","targetHints":{"allow":["GET"]}}],"collection":[{"href":"https:\/\/www.pzwnarew.pl\/index.php?rest_route=\/wp\/v2\/posts"}],"about":[{"href":"https:\/\/www.pzwnarew.pl\/index.php?rest_route=\/wp\/v2\/types\/post"}],"author":[{"embeddable":true,"href":"https:\/\/www.pzwnarew.pl\/index.php?rest_route=\/wp\/v2\/users\/2"}],"replies":[{"embeddable":true,"href":"https:\/\/www.pzwnarew.pl\/index.php?rest_route=%2Fwp%2Fv2%2Fcomments&post=7436"}],"version-history":[{"count":1,"href":"https:\/\/www.pzwnarew.pl\/index.php?rest_route=\/wp\/v2\/posts\/7436\/revisions"}],"predecessor-version":[{"id":7439,"href":"https:\/\/www.pzwnarew.pl\/index.php?rest_route=\/wp\/v2\/posts\/7436\/revisions\/7439"}],"wp:attachment":[{"href":"https:\/\/www.pzwnarew.pl\/index.php?rest_route=%2Fwp%2Fv2%2Fmedia&parent=7436"}],"wp:term":[{"taxonomy":"category","embeddable":true,"href":"https:\/\/www.pzwnarew.pl\/index.php?rest_route=%2Fwp%2Fv2%2Fcategories&post=7436"},{"taxonomy":"post_tag","embeddable":true,"href":"https:\/\/www.pzwnarew.pl\/index.php?rest_route=%2Fwp%2Fv2%2Ftags&post=7436"}],"curies":[{"name":"wp","href":"https:\/\/api.w.org\/{rel}","templated":true}]}}