{"id":7425,"date":"2017-06-04T20:12:06","date_gmt":"2017-06-04T18:12:06","guid":{"rendered":"http:\/\/www.pzwnarew.pl\/?p=7425"},"modified":"2017-06-04T20:26:20","modified_gmt":"2017-06-04T18:26:20","slug":"dzien-dziecka-z-kolem-pzw-narew-2","status":"publish","type":"post","link":"https:\/\/www.pzwnarew.pl\/?p=7425","title":{"rendered":"Dzie\u0144 Dziecka z ko\u0142em PZW NAREW"},"content":{"rendered":"<p style=\"text-align: left;\">Piknik rodzinny i zawody z okazji Dnia Dziecka dla\u00a0 w\u0119dkarskiego &#8222;narybku&#8221; naszego ko\u0142a ju\u017c za nami.\u00a0 Po raz <a href=\"http:\/\/www.pzwnarew.pl\/wp-content\/uploads\/2017\/06\/IMG_0577.jpg\"><img loading=\"lazy\" decoding=\"async\" class=\"alignright size-thumbnail wp-image-7426\" src=\"http:\/\/www.pzwnarew.pl\/wp-content\/uploads\/2017\/06\/IMG_0577-150x150.jpg\" alt=\"IMG_0577\" width=\"150\" height=\"150\" \/><\/a>kolejny stawy w Czerwinie sta\u0142y si\u0119 aren\u0105 zawod\u00f3w dla dzieci i m\u0142odzie\u017cy cz\u0142onk\u00f3w naszego ko\u0142a.<br \/>\nTym razem nie wygra\u0142 jednak ten, kto z\u0142owi\u0142 najwi\u0119cej ryb. Zorganizowali\u015bmy dwub\u00f3j, kt\u00f3ry polega\u0142 na tym, \u017ce po dw\u00f3ch godzinach \u0142owienia zawodnicy w dw\u00f3ch turach zdobywali punkty poprzez rzucanie pi\u0142eczk\u0105 tenisow\u0105 do celu. Dopiero po zsumowaniu punkt\u00f3w z obu konkurencji jury wskaza\u0142o zwyci\u0119zc\u00f3w w trzech kategoriach wiekowych.<br \/>\nDorodne karpie i wiele kilogram\u00f3w z\u0142otych i srebrnych karasi oczywi\u015bcie wr\u00f3ci\u0142y do wody.\u00a0 Nie wszyscy mogli wygra\u0107 &#8211; tak to ju\u017c jest w sporcie &#8211; ka\u017cdy jednak wyjecha\u0142 i syty i zadowolony. Zar\u00f3wno opiekunowie, rodzice<br \/>\ni dziadkowie, jak i ich pociechy, wszyscy bawili si\u0119 tego dnia doskonale i korzystali z pogody i radosnego nastroju w\u0119dkarskiego Dnia Dziecka ko\u0142a PZW NAREW.<!--more--><\/p>\n<p>Dzi\u0119kujemy wszystkim uczestnikom, rodzicom oraz ca\u0142ej grupie kilkunastu dzia\u0142aczek i dzia\u0142aczy z Ko\u0142a Narew za organizacj\u0119 tak fajnej imprezy dla dzieci.\u00a0\u00a0 <span id=\"more-6635\"><\/span><\/p>\n<p><a href=\"http:\/\/www.pzwnarew.pl\/gallery_pzw\/thumbnails.php?album=243\"><img loading=\"lazy\" decoding=\"async\" class=\"aligncenter size-full wp-image-4190\" src=\"http:\/\/www.pzwnarew.pl\/wp-content\/uploads\/2013\/04\/play-galeria.jpg\" alt=\"play galeria\" width=\"342\" height=\"213\" srcset=\"https:\/\/www.pzwnarew.pl\/wp-content\/uploads\/2013\/04\/play-galeria.jpg 342w, https:\/\/www.pzwnarew.pl\/wp-content\/uploads\/2013\/04\/play-galeria-300x186.jpg 300w\" sizes=\"auto, (max-width: 342px) 100vw, 342px\" \/><\/a><\/p>\n<p>&nbsp;<\/p>\n<p><strong>Podzi\u0119kowania dla Miros\u0142awa Zalewskiego Prezesa Ko\u0142a W\u0119dkarskiego \u201cKara\u015b\u201d z Czerwina \u00a0 \u00a0 \u00a0 \u00a0 \u00a0 \u00a0 \u00a0 \u00a0 \u00a0 \u00a0 \u00a0 \u00a0 \u00a0 \u00a0 \u00a0 \u00a0 \u00a0 \u00a0 \u00a0 \u00a0 \u00a0 \u00a0 \u00a0 \u00a0 \u00a0 \u00a0 \u00a0 \u00a0 \u00a0 \u00a0 \u00a0 \u00a0 \u00a0 \u00a0 \u00a0 \u00a0 \u00a0 \u00a0 \u00a0 \u00a0 \u00a0 \u00a0 \u00a0 \u00a0 \u00a0 \u00a0 \u00a0 \u00a0 \u00a0 \u00a0 \u00a0 \u00a0 \u00a0 \u00a0 \u00a0 \u00a0 \u00a0 \u00a0 \u00a0 \u00a0 \u00a0\u00a0 <\/strong><\/p>\n<p><strong>Delikatesy Delicja Ostro\u0142\u0119ka ul.Sienkiewicza 5<\/strong><\/p>\n<p><strong>Firma Hydro-Monter Szamba ekologiczne Rafa\u0142 Wojtkowiak<\/strong><\/p>\n<p><strong>Sklep W\u0119dkarski LIN Ostro\u0142\u0119ka Chopina 4<\/strong><\/p>\n","protected":false},"excerpt":{"rendered":"<p>Piknik rodzinny i zawody z okazji Dnia Dziecka dla\u00a0 w\u0119dkarskiego &#8222;narybku&#8221; naszego ko\u0142a ju\u017c za nami.\u00a0 Po raz kolejny stawy w Czerwinie sta\u0142y si\u0119 aren\u0105 zawod\u00f3w dla dzieci i m\u0142odzie\u017cy cz\u0142onk\u00f3w naszego ko\u0142a. Tym razem nie wygra\u0142 jednak ten, kto z\u0142owi\u0142 najwi\u0119cej ryb. Zorganizowali\u015bmy dwub\u00f3j, kt\u00f3ry polega\u0142 na tym, \u017ce po dw\u00f3ch godzinach \u0142owienia zawodnicy w dw\u00f3ch turach zdobywali punkty poprzez rzucanie pi\u0142eczk\u0105 tenisow\u0105 do celu. Dopiero po zsumowaniu punkt\u00f3w z obu konkurencji jury wskaza\u0142o zwyci\u0119zc\u00f3w w trzech kategoriach wiekowych&#8230;.<\/p>\n<p class=\"read-more\"><a class=\"btn btn-default\" href=\"https:\/\/www.pzwnarew.pl\/?p=7425\"> Read More<span class=\"screen-reader-text\">  Read More<\/span><\/a><\/p>\n","protected":false},"author":2,"featured_media":0,"comment_status":"open","ping_status":"closed","sticky":false,"template":"","format":"standard","meta":{"footnotes":""},"categories":[20,17],"tags":[],"class_list":["post-7425","post","type-post","status-publish","format-standard","hentry","category-newsy","category-imprezy"],"_links":{"self":[{"href":"https:\/\/www.pzwnarew.pl\/index.php?rest_route=\/wp\/v2\/posts\/7425","targetHints":{"allow":["GET"]}}],"collection":[{"href":"https:\/\/www.pzwnarew.pl\/index.php?rest_route=\/wp\/v2\/posts"}],"about":[{"href":"https:\/\/www.pzwnarew.pl\/index.php?rest_route=\/wp\/v2\/types\/post"}],"author":[{"embeddable":true,"href":"https:\/\/www.pzwnarew.pl\/index.php?rest_route=\/wp\/v2\/users\/2"}],"replies":[{"embeddable":true,"href":"https:\/\/www.pzwnarew.pl\/index.php?rest_route=%2Fwp%2Fv2%2Fcomments&post=7425"}],"version-history":[{"count":4,"href":"https:\/\/www.pzwnarew.pl\/index.php?rest_route=\/wp\/v2\/posts\/7425\/revisions"}],"predecessor-version":[{"id":7430,"href":"https:\/\/www.pzwnarew.pl\/index.php?rest_route=\/wp\/v2\/posts\/7425\/revisions\/7430"}],"wp:attachment":[{"href":"https:\/\/www.pzwnarew.pl\/index.php?rest_route=%2Fwp%2Fv2%2Fmedia&parent=7425"}],"wp:term":[{"taxonomy":"category","embeddable":true,"href":"https:\/\/www.pzwnarew.pl\/index.php?rest_route=%2Fwp%2Fv2%2Fcategories&post=7425"},{"taxonomy":"post_tag","embeddable":true,"href":"https:\/\/www.pzwnarew.pl\/index.php?rest_route=%2Fwp%2Fv2%2Ftags&post=7425"}],"curies":[{"name":"wp","href":"https:\/\/api.w.org\/{rel}","templated":true}]}}