{"id":7365,"date":"2017-05-09T17:16:18","date_gmt":"2017-05-09T15:16:18","guid":{"rendered":"http:\/\/www.pzwnarew.pl\/?p=7365"},"modified":"2017-05-09T17:16:18","modified_gmt":"2017-05-09T15:16:18","slug":"konkurs-plastyczny-zakonczony","status":"publish","type":"post","link":"https:\/\/www.pzwnarew.pl\/?p=7365","title":{"rendered":"KONKURS PLASTYCZNY ZAKO\u0143CZONY"},"content":{"rendered":"<p>Komisja Plastyczna postanowi\u0142a nagrodzi\u0107 ni\u017cej wymienione dzieci ( laureat\u00f3w konkursu plastycznego)<\/p>\n<p>Oliwia Ziemek , \u00a0Sebastian Bazyd\u0142o, Adam Frankowski, \u00a0Patrycja Bazyd\u0142o .<\/p>\n<p>Nagrody do odebrania w siedzibie ko\u0142a ( Sklep LIN ) od dnia 12 maja br.<\/p>\n<p>Zapraszamy dzieci do osobistego stawiennictwa po odbi\u00f3r nagr\u00f3d.<\/p>\n<p><a href=\"http:\/\/www.pzwnarew.pl\/wp-content\/uploads\/2017\/05\/20170509_170207.jpg\"><img loading=\"lazy\" decoding=\"async\" class=\"alignleft size-thumbnail wp-image-7366\" src=\"http:\/\/www.pzwnarew.pl\/wp-content\/uploads\/2017\/05\/20170509_170207-150x150.jpg\" alt=\"20170509_170207\" width=\"150\" height=\"150\" \/><\/a><\/p>\n<p><a href=\"http:\/\/www.pzwnarew.pl\/wp-content\/uploads\/2017\/05\/20170509_170124-crop.jpg\"><img loading=\"lazy\" decoding=\"async\" class=\"alignleft size-thumbnail wp-image-7367\" src=\"http:\/\/www.pzwnarew.pl\/wp-content\/uploads\/2017\/05\/20170509_170124-crop-150x150.jpg\" alt=\"20170509_170124-crop\" width=\"150\" height=\"150\" \/><\/a>\u00a0 \u00a0<a href=\"http:\/\/www.pzwnarew.pl\/wp-content\/uploads\/2017\/05\/20170509_170112-crop.jpg\"><img loading=\"lazy\" decoding=\"async\" class=\"alignleft size-thumbnail wp-image-7368\" src=\"http:\/\/www.pzwnarew.pl\/wp-content\/uploads\/2017\/05\/20170509_170112-crop-150x150.jpg\" alt=\"20170509_170112-crop\" width=\"150\" height=\"150\" \/><\/a><a href=\"http:\/\/www.pzwnarew.pl\/wp-content\/uploads\/2017\/05\/20170509_170102-crop.jpg\"><img loading=\"lazy\" decoding=\"async\" class=\"alignleft size-thumbnail wp-image-7369\" src=\"http:\/\/www.pzwnarew.pl\/wp-content\/uploads\/2017\/05\/20170509_170102-crop-150x150.jpg\" alt=\"20170509_170102-crop\" width=\"150\" height=\"150\" \/><\/a><\/p>\n","protected":false},"excerpt":{"rendered":"<p>Komisja Plastyczna postanowi\u0142a nagrodzi\u0107 ni\u017cej wymienione dzieci ( laureat\u00f3w konkursu plastycznego) Oliwia Ziemek , \u00a0Sebastian Bazyd\u0142o, Adam Frankowski, \u00a0Patrycja Bazyd\u0142o . Nagrody do odebrania w siedzibie ko\u0142a ( Sklep LIN ) od dnia 12 maja br. Zapraszamy dzieci do osobistego stawiennictwa po odbi\u00f3r nagr\u00f3d. \u00a0 \u00a0<\/p>\n","protected":false},"author":4,"featured_media":0,"comment_status":"open","ping_status":"closed","sticky":false,"template":"","format":"standard","meta":{"footnotes":""},"categories":[20],"tags":[],"class_list":["post-7365","post","type-post","status-publish","format-standard","hentry","category-newsy"],"_links":{"self":[{"href":"https:\/\/www.pzwnarew.pl\/index.php?rest_route=\/wp\/v2\/posts\/7365","targetHints":{"allow":["GET"]}}],"collection":[{"href":"https:\/\/www.pzwnarew.pl\/index.php?rest_route=\/wp\/v2\/posts"}],"about":[{"href":"https:\/\/www.pzwnarew.pl\/index.php?rest_route=\/wp\/v2\/types\/post"}],"author":[{"embeddable":true,"href":"https:\/\/www.pzwnarew.pl\/index.php?rest_route=\/wp\/v2\/users\/4"}],"replies":[{"embeddable":true,"href":"https:\/\/www.pzwnarew.pl\/index.php?rest_route=%2Fwp%2Fv2%2Fcomments&post=7365"}],"version-history":[{"count":1,"href":"https:\/\/www.pzwnarew.pl\/index.php?rest_route=\/wp\/v2\/posts\/7365\/revisions"}],"predecessor-version":[{"id":7370,"href":"https:\/\/www.pzwnarew.pl\/index.php?rest_route=\/wp\/v2\/posts\/7365\/revisions\/7370"}],"wp:attachment":[{"href":"https:\/\/www.pzwnarew.pl\/index.php?rest_route=%2Fwp%2Fv2%2Fmedia&parent=7365"}],"wp:term":[{"taxonomy":"category","embeddable":true,"href":"https:\/\/www.pzwnarew.pl\/index.php?rest_route=%2Fwp%2Fv2%2Fcategories&post=7365"},{"taxonomy":"post_tag","embeddable":true,"href":"https:\/\/www.pzwnarew.pl\/index.php?rest_route=%2Fwp%2Fv2%2Ftags&post=7365"}],"curies":[{"name":"wp","href":"https:\/\/api.w.org\/{rel}","templated":true}]}}