{"id":7339,"date":"2017-04-22T22:05:01","date_gmt":"2017-04-22T20:05:01","guid":{"rendered":"http:\/\/www.pzwnarew.pl\/?p=7339"},"modified":"2017-04-22T22:07:27","modified_gmt":"2017-04-22T20:07:27","slug":"7339","status":"publish","type":"post","link":"https:\/\/www.pzwnarew.pl\/?p=7339","title":{"rendered":"Straci\u0142 sie\u0107 i ponton"},"content":{"rendered":"<p><em>W dniu dzisiejszym w czasie patrolu stra\u017cnicy<a href=\"http:\/\/www.pzwnarew.pl\/wp-content\/uploads\/2017\/04\/PART_1492874088463.jpeg\"><img loading=\"lazy\" decoding=\"async\" class=\"alignright size-thumbnail wp-image-7340\" src=\"http:\/\/www.pzwnarew.pl\/wp-content\/uploads\/2017\/04\/PART_1492874088463-150x150.jpeg\" alt=\"PART_1492874088463\" width=\"150\" height=\"150\" \/><\/a> z naszego Ko\u0142a na p\u0142yn\u0119li k\u0142usownika. Na widok \u0142odzi zbieg\u0142 do lasu i natychmiast oddali\u0142 si\u0119 rowerem w kierunku wsi. Uda\u0142o si\u0119 zabezpieczy\u0107 ponton oraz sie\u0107 zastawion\u0105 na starorzeczu.\u00a0<\/em><\/p>\n<p><!--more--><\/p>\n<p>&nbsp;<\/p>\n<p>&nbsp;<\/p>\n<p>&nbsp;<\/p>\n<p><em><br \/>\n<a href=\"http:\/\/www.pzwnarew.pl\/wp-content\/uploads\/2017\/04\/Khg.jpeg\"><img loading=\"lazy\" decoding=\"async\" class=\"alignleft size-medium wp-image-7344\" src=\"http:\/\/www.pzwnarew.pl\/wp-content\/uploads\/2017\/04\/Khg-300x168.jpeg\" alt=\"Khg\" width=\"300\" height=\"168\" srcset=\"https:\/\/www.pzwnarew.pl\/wp-content\/uploads\/2017\/04\/Khg-300x168.jpeg 300w, https:\/\/www.pzwnarew.pl\/wp-content\/uploads\/2017\/04\/Khg.jpeg 640w\" sizes=\"auto, (max-width: 300px) 100vw, 300px\" \/><\/a><a href=\"http:\/\/www.pzwnarew.pl\/wp-content\/uploads\/2017\/04\/photo0.jpeg\"><img loading=\"lazy\" decoding=\"async\" class=\"alignleft size-medium wp-image-7341\" src=\"http:\/\/www.pzwnarew.pl\/wp-content\/uploads\/2017\/04\/photo0-300x168.jpeg\" alt=\"photo0\" width=\"300\" height=\"168\" srcset=\"https:\/\/www.pzwnarew.pl\/wp-content\/uploads\/2017\/04\/photo0-300x168.jpeg 300w, https:\/\/www.pzwnarew.pl\/wp-content\/uploads\/2017\/04\/photo0.jpeg 640w\" sizes=\"auto, (max-width: 300px) 100vw, 300px\" \/><\/a><\/em><!--more--><\/p>\n","protected":false},"excerpt":{"rendered":"<p>W dniu dzisiejszym w czasie patrolu stra\u017cnicy z naszego Ko\u0142a na p\u0142yn\u0119li k\u0142usownika. Na widok \u0142odzi zbieg\u0142 do lasu i natychmiast oddali\u0142 si\u0119 rowerem w kierunku wsi. Uda\u0142o si\u0119 zabezpieczy\u0107 ponton oraz sie\u0107 zastawion\u0105 na starorzeczu.\u00a0<\/p>\n","protected":false},"author":2,"featured_media":0,"comment_status":"open","ping_status":"closed","sticky":false,"template":"","format":"standard","meta":{"footnotes":""},"categories":[20,24],"tags":[],"class_list":["post-7339","post","type-post","status-publish","format-standard","hentry","category-newsy","category-ochrona-wod"],"_links":{"self":[{"href":"https:\/\/www.pzwnarew.pl\/index.php?rest_route=\/wp\/v2\/posts\/7339","targetHints":{"allow":["GET"]}}],"collection":[{"href":"https:\/\/www.pzwnarew.pl\/index.php?rest_route=\/wp\/v2\/posts"}],"about":[{"href":"https:\/\/www.pzwnarew.pl\/index.php?rest_route=\/wp\/v2\/types\/post"}],"author":[{"embeddable":true,"href":"https:\/\/www.pzwnarew.pl\/index.php?rest_route=\/wp\/v2\/users\/2"}],"replies":[{"embeddable":true,"href":"https:\/\/www.pzwnarew.pl\/index.php?rest_route=%2Fwp%2Fv2%2Fcomments&post=7339"}],"version-history":[{"count":3,"href":"https:\/\/www.pzwnarew.pl\/index.php?rest_route=\/wp\/v2\/posts\/7339\/revisions"}],"predecessor-version":[{"id":7347,"href":"https:\/\/www.pzwnarew.pl\/index.php?rest_route=\/wp\/v2\/posts\/7339\/revisions\/7347"}],"wp:attachment":[{"href":"https:\/\/www.pzwnarew.pl\/index.php?rest_route=%2Fwp%2Fv2%2Fmedia&parent=7339"}],"wp:term":[{"taxonomy":"category","embeddable":true,"href":"https:\/\/www.pzwnarew.pl\/index.php?rest_route=%2Fwp%2Fv2%2Fcategories&post=7339"},{"taxonomy":"post_tag","embeddable":true,"href":"https:\/\/www.pzwnarew.pl\/index.php?rest_route=%2Fwp%2Fv2%2Ftags&post=7339"}],"curies":[{"name":"wp","href":"https:\/\/api.w.org\/{rel}","templated":true}]}}