{"id":7277,"date":"2017-04-06T12:53:03","date_gmt":"2017-04-06T10:53:03","guid":{"rendered":"http:\/\/www.pzwnarew.pl\/?p=7277"},"modified":"2017-04-06T12:53:03","modified_gmt":"2017-04-06T10:53:03","slug":"i-zawody-splawikowe-do-mistrzostw-okregu-i-cyklu-grand-prix-2017-w-wykrocie","status":"publish","type":"post","link":"https:\/\/www.pzwnarew.pl\/?p=7277","title":{"rendered":"I Zawody Sp\u0142awikowe do Mistrzostw Okr\u0119gu i cyklu Grand Prix 2017 w Wykrocie"},"content":{"rendered":"<p>W niedziel\u0119, 2.04.2017 r. Zarz\u0105d Okr\u0119gu Mazowieckiego zorganizowa\u0142 I Zawody Sp\u0142awikowe do Mistrzostw Okr\u0119gu i <a href=\"http:\/\/www.pzwnarew.pl\/wp-content\/uploads\/2017\/04\/P4020460.jpg\"><img loading=\"lazy\" decoding=\"async\" class=\"alignright size-thumbnail wp-image-7279\" src=\"http:\/\/www.pzwnarew.pl\/wp-content\/uploads\/2017\/04\/P4020460-150x150.jpg\" alt=\"P4020460\" width=\"150\" height=\"150\" \/><\/a>cyklu Grand Prix 2017 r. W bie\u017c\u0105cym roku mistrzostwa okr\u0119gu rozegrane b\u0119d\u0105 w cyklu trzech zawod\u00f3w, z kt\u00f3rych pierwsze zorganizowano w\u0142a\u015bnie na Zalewie w Wykrocie ko\u0142o Myszy\u0144ca. Stanowiska do po\u0142owu ze wzgl\u0119du na ogromn\u0105 ilo\u015b\u0107 zawodnik\u00f3w wytyczono\u00a0 na ca\u0142ej linii brzegowej wi\u0119kszej cz\u0119\u015bci zbiornika.<\/p>\n<p>Og\u00f3\u0142em wystartowa\u0142o 198 zawodniczek i zawodnik\u00f3w, kt\u00f3rym s\u0119dziowa\u0142o 55 s\u0119dzi\u00f3w klasy krajowej, okr\u0119gowej i podstawowej.<\/p>\n<p>Zawody stanowi\u0105 jedn\u0105 z eliminacji do Kadry Okr\u0119gu i s\u0105 zaliczane do okr\u0119gowej klasyfikacji indywidualnej i dru\u017cynowej w kategoriach: senior\u00f3w, kobiet, m\u0142odzie\u017cy, junior\u00f3w i kadet\u00f3w. Obecni byli prezesi okr\u0119gu: Zbigniew Bedy\u0144ski, wiceprezes do spraw sportu i m\u0142odzie\u017cy Wojciech Szubierajski i wiceprezes do spraw organizacji i promocji Miros\u0142aw Konopka, kt\u00f3ry by\u0142 gospodarzem i s\u0119dzi\u0105 g\u0142\u00f3wnym zawod\u00f3w. <!--more--><\/p>\n<p>Najwi\u0119cej zawodniczek i zawodnik\u00f3w przyjecha\u0142o, jak mo\u017cna si\u0119 by\u0142o spodziewa\u0107 z Warszawy i jej okolic.Z naszej ololicy byli koledzy w\u0119dkarze z Przasnysza, Ostrowii Mazowieckiej, \u0141om\u017cy i Wyszkowa. Nie zabrak\u0142o te\u017c ostro\u0142\u0119czan, startowali \u201etyczkarze\u201d z ko\u0142a PZW nr 72 ENERGOPAP:\u00a0 Dariusz Krawczyk, Daniel D\u0119bek, Mariusz Chrostek i Kamil Zy\u015bk. Najlepsze, bo czwarte miejsce spo\u015br\u00f3d nich w kategorii C2 senior\u00f3w zaj\u0105\u0142 Kamil Zy\u015bk.<\/p>\n<p>W\u015br\u00f3d\u00a0 s\u0119dzi\u00f3w mieli\u015bmy natomiast trzech naszych koleg\u00f3w z ko\u0142a PZW nr 38 NAREW: Paw\u0142a Bazyd\u0142\u0119 &#8211; S\u0119dziego Klasy Podstawowej, Sebastiana Bia\u0142czaka \u2013 S\u0119dziego Klasy Podstawowej i Prezesa ko\u0142a NAREW Andrzeja Raszkiewicza- S\u0119dziego Klasy Okr\u0119gowej.<\/p>\n<p>Wyniki zawod\u00f3w ju\u017c nied\u0142ugo na stronie okr\u0119gu mazowieckiego PZW:\u00a0 https:\/\/ompzw.pl\/<\/p>\n<p><a href=\"http:\/\/www.pzwnarew.pl\/gallery_pzw\/thumbnails.php?album=239\"><img loading=\"lazy\" decoding=\"async\" class=\"aligncenter size-full wp-image-4190\" src=\"http:\/\/www.pzwnarew.pl\/wp-content\/uploads\/2013\/04\/play-galeria.jpg\" alt=\"play galeria\" width=\"342\" height=\"213\" srcset=\"https:\/\/www.pzwnarew.pl\/wp-content\/uploads\/2013\/04\/play-galeria.jpg 342w, https:\/\/www.pzwnarew.pl\/wp-content\/uploads\/2013\/04\/play-galeria-300x186.jpg 300w\" sizes=\"auto, (max-width: 342px) 100vw, 342px\" \/><\/a><\/p>\n","protected":false},"excerpt":{"rendered":"<p>W niedziel\u0119, 2.04.2017 r. Zarz\u0105d Okr\u0119gu Mazowieckiego zorganizowa\u0142 I Zawody Sp\u0142awikowe do Mistrzostw Okr\u0119gu i cyklu Grand Prix 2017 r. W bie\u017c\u0105cym roku mistrzostwa okr\u0119gu rozegrane b\u0119d\u0105 w cyklu trzech zawod\u00f3w, z kt\u00f3rych pierwsze zorganizowano w\u0142a\u015bnie na Zalewie w Wykrocie ko\u0142o Myszy\u0144ca. Stanowiska do po\u0142owu ze wzgl\u0119du na ogromn\u0105 ilo\u015b\u0107 zawodnik\u00f3w wytyczono\u00a0 na ca\u0142ej linii brzegowej wi\u0119kszej cz\u0119\u015bci zbiornika. Og\u00f3\u0142em wystartowa\u0142o 198 zawodniczek i zawodnik\u00f3w, kt\u00f3rym s\u0119dziowa\u0142o 55 s\u0119dzi\u00f3w klasy krajowej, okr\u0119gowej i podstawowej. Zawody stanowi\u0105 jedn\u0105 z eliminacji do&#8230;<\/p>\n<p class=\"read-more\"><a class=\"btn btn-default\" href=\"https:\/\/www.pzwnarew.pl\/?p=7277\"> Read More<span class=\"screen-reader-text\">  Read More<\/span><\/a><\/p>\n","protected":false},"author":2,"featured_media":0,"comment_status":"open","ping_status":"closed","sticky":false,"template":"","format":"standard","meta":{"footnotes":""},"categories":[20],"tags":[],"class_list":["post-7277","post","type-post","status-publish","format-standard","hentry","category-newsy"],"_links":{"self":[{"href":"https:\/\/www.pzwnarew.pl\/index.php?rest_route=\/wp\/v2\/posts\/7277","targetHints":{"allow":["GET"]}}],"collection":[{"href":"https:\/\/www.pzwnarew.pl\/index.php?rest_route=\/wp\/v2\/posts"}],"about":[{"href":"https:\/\/www.pzwnarew.pl\/index.php?rest_route=\/wp\/v2\/types\/post"}],"author":[{"embeddable":true,"href":"https:\/\/www.pzwnarew.pl\/index.php?rest_route=\/wp\/v2\/users\/2"}],"replies":[{"embeddable":true,"href":"https:\/\/www.pzwnarew.pl\/index.php?rest_route=%2Fwp%2Fv2%2Fcomments&post=7277"}],"version-history":[{"count":2,"href":"https:\/\/www.pzwnarew.pl\/index.php?rest_route=\/wp\/v2\/posts\/7277\/revisions"}],"predecessor-version":[{"id":7280,"href":"https:\/\/www.pzwnarew.pl\/index.php?rest_route=\/wp\/v2\/posts\/7277\/revisions\/7280"}],"wp:attachment":[{"href":"https:\/\/www.pzwnarew.pl\/index.php?rest_route=%2Fwp%2Fv2%2Fmedia&parent=7277"}],"wp:term":[{"taxonomy":"category","embeddable":true,"href":"https:\/\/www.pzwnarew.pl\/index.php?rest_route=%2Fwp%2Fv2%2Fcategories&post=7277"},{"taxonomy":"post_tag","embeddable":true,"href":"https:\/\/www.pzwnarew.pl\/index.php?rest_route=%2Fwp%2Fv2%2Ftags&post=7277"}],"curies":[{"name":"wp","href":"https:\/\/api.w.org\/{rel}","templated":true}]}}