{"id":7198,"date":"2017-03-12T21:23:33","date_gmt":"2017-03-12T20:23:33","guid":{"rendered":"http:\/\/www.pzwnarew.pl\/?p=7198"},"modified":"2017-03-21T19:01:06","modified_gmt":"2017-03-21T18:01:06","slug":"wybralismy-nowy-zarzad","status":"publish","type":"post","link":"https:\/\/www.pzwnarew.pl\/?p=7198","title":{"rendered":"Wybrali\u015bmy nowy zarz\u0105d"},"content":{"rendered":"<h3>W Walnym Zgromadzeniu, kt\u00f3re mia\u0142o miejsce w restauracji Diamentowa &#8211; w dawnym Domu Rzemios\u0142a &#8211; przy ul. <a href=\"http:\/\/www.pzwnarew.pl\/wp-content\/uploads\/2017\/03\/IMG_0169.jpg\"><img loading=\"lazy\" decoding=\"async\" class=\"alignright size-thumbnail wp-image-7175\" src=\"http:\/\/www.pzwnarew.pl\/wp-content\/uploads\/2017\/03\/IMG_0169-150x150.jpg\" alt=\"IMG_0169\" width=\"150\" height=\"150\" \/><\/a>Kili\u0144skiego, w niedziel\u0119 &#8211; 12 marca &#8211; udzia\u0142 wzi\u0119\u0142o kilkudziesi\u0119ciu w\u0119dkarzy.<\/h3>\n<h3><!--more-->Zebranie rozpocz\u0105\u0142 i \u00a0wszystkich zgromadzonych koleg\u00f3w i go\u015bci serdecznie powita\u0142, \u00a0i zapozna\u0142 z programem, \u00a0Prezes Zarz\u0105du Ko\u0142a \u00a0Andrzej Raszkiewicz<\/h3>\n<div class=\"row\">\n<div class=\"col-xs-59\">\n<div>\n<div class=\"row art\">\n<div class=\"col-xs-59\">\n<h3>Poza regulaminowym porz\u0105dkiem, kt\u00f3ry przewidywa\u0142 podejmowanie uchwa\u0142, g\u0142osowanie nad wnioskami, wybory do w\u0142adz i organ\u00f3w ko\u0142a oraz wyb\u00f3r delegat\u00f3w na planowany w roku bie\u017c\u0105cym Zjazd Okr\u0119gu Mazowieckiego PZW, by\u0142a to doskona\u0142a okazja do wr\u0119czenia zas\u0142u\u017conym kolegom nagr\u00f3d i odznacze\u0144.<\/h3>\n<h3>Z\u0142ot\u0105 odznak\u0105 PZW odznaczono Zdzis\u0142awa Sienickiego, srebrn\u0105 odznak\u0105 zwi\u0105zku \u00a0Sebastiana Bia\u0142czaka, za\u015b Medalem Za Dzia\u0142alno\u015b\u0107 dla Mazowieckiego W\u0119dkarstwa uhonorowano wieloletniego sekretarza J\u00f3zefa Dziadaka. Statuetk\u0119 pami\u0105tkow\u0105 otrzyma\u0142 Zbigniew Lis (kapitan sportowy za reprezentowanie ko\u0142a w zawodach OMPZW) oraz Andrzej Raszkiewicz w podzi\u0119kowaniu za d\u0142ugoletnie budowanie wizerunku \u00a0ko\u0142a Pzw Narew 38 od 1995 roku.<\/h3>\n<h3>Na przewodnicz\u0105cego Prezydium zgromadzenia wybrano: Wojciecha Jarz\u0105bka &#8211; kt\u00f3ry te\u017c prowadzi\u0142 \u00a0zebranie. Cz\u0142onkiem prezydium zosta\u0142 tak\u017ce przedstawiciel Okr\u0119gu Mazowieckiego PZW &#8211; \u00a0tak\u017ce cz\u0142onek ko\u0142a &#8211; Stanis\u0142aw Pliszka, Sekretarzowa\u0142 zas\u0142u\u017cony, doceniony i wyr\u00f3\u017cniony przez \u00a0w\u0142adze okr\u0119gowe J\u00f3zef Dziadak.<\/h3>\n<h3>W toku posiedzenia, punkt po punkcie przyj\u0119to m.in. sprawozdania zarz\u0105du, skarbnika, komisji rewizyjnej, s\u0105du kole\u017ce\u0144skiego i rzecznika dyscyplinarnego. \u00a0Jeszcze \u201estary zarz\u0105d\u201d przedstawi\u0142 plan dzia\u0142ania na rok 2017 i uzyska\u0142 absolutorium. \u00a0W wyborze na prezesa zarz\u0105du w kadencji 2017-2021 godno\u015b\u0107 t\u0119 powierzono \u00a0pe\u0142ni\u0105cemu t\u0119 funkcj\u0119 ju\u017c od dw\u00f3ch kadencji koledze Andrzejowi Raszkiewiczowi, dzi\u0119ki kt\u00f3rego zaanga\u017cowaniu i pracy ko\u0142o w du\u017cej mierze zawdzi\u0119cza podwojenie \u00a0ilo\u015bci cz\u0142onk\u00f3w w ostatnich 8 latach. \u00a0Wybrano te\u017c zarz\u0105d i inne organy ko\u0142a oraz delegat\u00f3w na zjazd okr\u0119gu.<\/h3>\n<h3>W czasie na wolne wnioski i dyskusj\u0119 nie oby\u0142o si\u0119 bez wymiany zda\u0144 pomi\u0119dzy kolegami-w\u0119dkarzami. \u00a0W tej cz\u0119\u015bci spotkania jak zawsze mo\u017cna by\u0142o liczy\u0107 na g\u0142os by\u0142ego rzecznika prasowego Zarz\u0105du G\u0142\u00f3wnego PZW, kolegi Antoniego Kustusza, dla kt\u00f3rego w\u0119dkarstwo i \u017cycie zwi\u0105zku nie ma chyba \u017cadnych tajemnic. Po spotkaniu pomimo r\u00f3\u017cnic, co do jednego wszyscy byli zgodni: najwa\u017cniejsze to byleby ryby bra\u0142y!<\/h3>\n<div><\/div>\n<h3><span style=\"color: #000000;\">Nowy sk\u0142ad w\u0142adz ko\u0142a Narew nr 38 na lata 2017-2020:<\/span><\/h3>\n<h3><span style=\"color: #000000;\">Prezes &#8211; Andrzej Raszkiewicz<\/span><\/h3>\n<\/div>\n<\/div>\n<\/div>\n<\/div>\n<\/div>\n<p><!--more--><\/p>\n<h3><span style=\"color: #000000;\"><strong>Cz\u0142onkowie Zarz\u0105du:<\/strong><\/span><\/h3>\n<h3><span style=\"color: #000000;\"> Pliszka Stanis\u0142aw, Jarz\u0105bek Wojciech, Sienicki Zdzis\u0142aw, Wojtkowiak Rafa\u0142, Budzi\u0142ek S\u0142awomir, Gumkowski Janusz, Krupka Wojciech, Zi\u0119ba Tomasz, Grzyb Andrzej, Dziadak J\u00f3zef, Bia\u0142czak Sebastian, Pawe\u0142 Bazyd\u0142o.<\/span><\/h3>\n<h3><span style=\"color: #000000;\"><strong>S\u0105d kole\u017ce\u0144ski:<\/strong><\/span><\/h3>\n<h3><span style=\"color: #000000;\">Rukasz Pawe\u0142, Balcerak Roman, Dudek Rados\u0142aw, Tyszka Grzegorz, Kube\u0142 Adam, \u0141ada \u0141ukasz<\/span><\/h3>\n<h3><span style=\"color: #000000;\"><strong>Komisja rewizyjna:<\/strong><\/span><\/h3>\n<h3><span style=\"color: #000000;\">Ho\u0142dy\u0144ski Andrzej, Terlikowski Micha\u0142, Gwiazdowski Robert<\/span><\/h3>\n<h3><span style=\"color: #000000;\"><b>Delegatami\u00a0 na zjazd Okr\u0119gu Mazowieckiego PZW z ramienia Ko\u0142a Narew zostali :<br \/>\n<\/b><\/span><\/h3>\n<h3><span style=\"color: #000000;\">Raszkiewicz Andrzej oraz Pliszka Stanis\u0142aw<\/span><\/h3>\n<h3><span style=\"color: #000000;\"><strong>Zast\u0119pcy Delegat\u00f3w na zjazd Okr\u0119gu Mazowieckiego PZW z ramienia Ko\u0142a Narew zostali:<\/strong><\/span><\/h3>\n<h3><span style=\"color: #000000;\">Wojtkowiak Rafa\u0142, Dziadak J\u00f3zef<\/span><\/h3>\n<p><a href=\"http:\/\/www.pzwnarew.pl\/gallery_pzw\/thumbnails.php?album=238\"><img loading=\"lazy\" decoding=\"async\" class=\"aligncenter size-full wp-image-4190\" src=\"http:\/\/www.pzwnarew.pl\/wp-content\/uploads\/2013\/04\/play-galeria.jpg\" alt=\"play galeria\" width=\"342\" height=\"213\" srcset=\"https:\/\/www.pzwnarew.pl\/wp-content\/uploads\/2013\/04\/play-galeria.jpg 342w, https:\/\/www.pzwnarew.pl\/wp-content\/uploads\/2013\/04\/play-galeria-300x186.jpg 300w\" sizes=\"auto, (max-width: 342px) 100vw, 342px\" \/><\/a><\/p>\n","protected":false},"excerpt":{"rendered":"<p>W Walnym Zgromadzeniu, kt\u00f3re mia\u0142o miejsce w restauracji Diamentowa &#8211; w dawnym Domu Rzemios\u0142a &#8211; przy ul. Kili\u0144skiego, w niedziel\u0119 &#8211; 12 marca &#8211; udzia\u0142 wzi\u0119\u0142o kilkudziesi\u0119ciu w\u0119dkarzy.<\/p>\n","protected":false},"author":2,"featured_media":0,"comment_status":"open","ping_status":"closed","sticky":false,"template":"","format":"standard","meta":{"footnotes":""},"categories":[20],"tags":[],"class_list":["post-7198","post","type-post","status-publish","format-standard","hentry","category-newsy"],"_links":{"self":[{"href":"https:\/\/www.pzwnarew.pl\/index.php?rest_route=\/wp\/v2\/posts\/7198","targetHints":{"allow":["GET"]}}],"collection":[{"href":"https:\/\/www.pzwnarew.pl\/index.php?rest_route=\/wp\/v2\/posts"}],"about":[{"href":"https:\/\/www.pzwnarew.pl\/index.php?rest_route=\/wp\/v2\/types\/post"}],"author":[{"embeddable":true,"href":"https:\/\/www.pzwnarew.pl\/index.php?rest_route=\/wp\/v2\/users\/2"}],"replies":[{"embeddable":true,"href":"https:\/\/www.pzwnarew.pl\/index.php?rest_route=%2Fwp%2Fv2%2Fcomments&post=7198"}],"version-history":[{"count":3,"href":"https:\/\/www.pzwnarew.pl\/index.php?rest_route=\/wp\/v2\/posts\/7198\/revisions"}],"predecessor-version":[{"id":7201,"href":"https:\/\/www.pzwnarew.pl\/index.php?rest_route=\/wp\/v2\/posts\/7198\/revisions\/7201"}],"wp:attachment":[{"href":"https:\/\/www.pzwnarew.pl\/index.php?rest_route=%2Fwp%2Fv2%2Fmedia&parent=7198"}],"wp:term":[{"taxonomy":"category","embeddable":true,"href":"https:\/\/www.pzwnarew.pl\/index.php?rest_route=%2Fwp%2Fv2%2Fcategories&post=7198"},{"taxonomy":"post_tag","embeddable":true,"href":"https:\/\/www.pzwnarew.pl\/index.php?rest_route=%2Fwp%2Fv2%2Ftags&post=7198"}],"curies":[{"name":"wp","href":"https:\/\/api.w.org\/{rel}","templated":true}]}}