{"id":7129,"date":"2017-02-12T19:13:36","date_gmt":"2017-02-12T18:13:36","guid":{"rendered":"http:\/\/www.pzwnarew.pl\/?p=7129"},"modified":"2017-02-12T19:14:35","modified_gmt":"2017-02-12T18:14:35","slug":"zawody-straznikow-2","status":"publish","type":"post","link":"https:\/\/www.pzwnarew.pl\/?p=7129","title":{"rendered":"Zawody stra\u017cnik\u00f3w"},"content":{"rendered":"<p>W dniu 12.02.2017 stra\u017cnicy z naszego ko\u0142a<a href=\"http:\/\/www.pzwnarew.pl\/wp-content\/uploads\/2017\/02\/20170212_121411.jpg\"><img loading=\"lazy\" decoding=\"async\" class=\"alignright size-thumbnail wp-image-7130\" src=\"http:\/\/www.pzwnarew.pl\/wp-content\/uploads\/2017\/02\/20170212_121411-150x150.jpg\" alt=\"20170212_121411\" width=\"150\" height=\"150\" \/><\/a> w\u0119dkarskiego rozegrali zawody w\u0119dkarskie podlodowe na jeziorze Brajnickim. Po dwu godzinnej walce w mro\u017any i wietrzny dzie\u0144 pierwsze miejsce zaj\u0105\u0142 Wojtkowiak R. drugie miejsce Dudek R. na trzecim miejscu uplasowa\u0142 si\u0119 Perzanowski T. \u00a0Gratulujemy zwyci\u0119zcom.<\/p>\n","protected":false},"excerpt":{"rendered":"<p>W dniu 12.02.2017 stra\u017cnicy z naszego ko\u0142a w\u0119dkarskiego rozegrali zawody w\u0119dkarskie podlodowe na jeziorze Brajnickim. Po dwu godzinnej walce w mro\u017any i wietrzny dzie\u0144 pierwsze miejsce zaj\u0105\u0142 Wojtkowiak R. drugie miejsce Dudek R. na trzecim miejscu uplasowa\u0142 si\u0119 Perzanowski T. \u00a0Gratulujemy zwyci\u0119zcom.<\/p>\n","protected":false},"author":2,"featured_media":0,"comment_status":"open","ping_status":"closed","sticky":false,"template":"","format":"standard","meta":{"footnotes":""},"categories":[20],"tags":[],"class_list":["post-7129","post","type-post","status-publish","format-standard","hentry","category-newsy"],"_links":{"self":[{"href":"https:\/\/www.pzwnarew.pl\/index.php?rest_route=\/wp\/v2\/posts\/7129","targetHints":{"allow":["GET"]}}],"collection":[{"href":"https:\/\/www.pzwnarew.pl\/index.php?rest_route=\/wp\/v2\/posts"}],"about":[{"href":"https:\/\/www.pzwnarew.pl\/index.php?rest_route=\/wp\/v2\/types\/post"}],"author":[{"embeddable":true,"href":"https:\/\/www.pzwnarew.pl\/index.php?rest_route=\/wp\/v2\/users\/2"}],"replies":[{"embeddable":true,"href":"https:\/\/www.pzwnarew.pl\/index.php?rest_route=%2Fwp%2Fv2%2Fcomments&post=7129"}],"version-history":[{"count":2,"href":"https:\/\/www.pzwnarew.pl\/index.php?rest_route=\/wp\/v2\/posts\/7129\/revisions"}],"predecessor-version":[{"id":7132,"href":"https:\/\/www.pzwnarew.pl\/index.php?rest_route=\/wp\/v2\/posts\/7129\/revisions\/7132"}],"wp:attachment":[{"href":"https:\/\/www.pzwnarew.pl\/index.php?rest_route=%2Fwp%2Fv2%2Fmedia&parent=7129"}],"wp:term":[{"taxonomy":"category","embeddable":true,"href":"https:\/\/www.pzwnarew.pl\/index.php?rest_route=%2Fwp%2Fv2%2Fcategories&post=7129"},{"taxonomy":"post_tag","embeddable":true,"href":"https:\/\/www.pzwnarew.pl\/index.php?rest_route=%2Fwp%2Fv2%2Ftags&post=7129"}],"curies":[{"name":"wp","href":"https:\/\/api.w.org\/{rel}","templated":true}]}}