{"id":7117,"date":"2017-02-06T20:00:54","date_gmt":"2017-02-06T19:00:54","guid":{"rendered":"http:\/\/www.pzwnarew.pl\/?p=7117"},"modified":"2017-02-07T07:41:03","modified_gmt":"2017-02-07T06:41:03","slug":"sukces-naszej-mlodziezy-trojka-leszcze","status":"publish","type":"post","link":"https:\/\/www.pzwnarew.pl\/?p=7117","title":{"rendered":"SUKCES NASZEJ M\u0141ODZIE\u017bY &#8222;TR\u00d3JKA LESZCZE&#8221;"},"content":{"rendered":"<p>W dniach 3,4 i 5 lutego w St\u0105porkowie k.Kielc odby\u0142a si\u0119 Olimpiada Halowa M\u0142odzie\u017cy w Sportach W\u0119dkarskich.W<a href=\"http:\/\/www.pzwnarew.pl\/wp-content\/uploads\/2017\/02\/IMG_0104.jpg\"><img loading=\"lazy\" decoding=\"async\" class=\"alignright size-thumbnail wp-image-7118\" src=\"http:\/\/www.pzwnarew.pl\/wp-content\/uploads\/2017\/02\/IMG_0104-150x150.jpg\" alt=\"IMG_0104\" width=\"150\" height=\"150\" \/><\/a> olimpiadzie tej uczestniczyli nasi zawodnicy Sebastian Bazyd\u0142o, Piotr Terlikowski i Kacper Sieniawski. Sukcesem okaza\u0142o si\u0119\u00a0 I i II miejsce w kategorii dru\u017cynowej , Nasi zawodnicy reprezentowali Okr\u0119g Mazowiecki PZW.Cieszymy si\u0119 z tak wy\u015bmienitej postawy naszych ch\u0142opc\u00f3w. Podzi\u0119kowania nale\u017c\u0105 si\u0119 tak\u017ce opiekunom sportowej m\u0142odzie\u017cy tj. Ani,Paw\u0142owi i \u00a0Zdzichowi. <!--more--><\/p>\n<p><a href=\"http:\/\/www.pzwnarew.pl\/wp-content\/uploads\/2017\/02\/IMG_0108.jpg\"><img loading=\"lazy\" decoding=\"async\" class=\" size-medium wp-image-7119 alignleft\" src=\"http:\/\/www.pzwnarew.pl\/wp-content\/uploads\/2017\/02\/IMG_0108-300x200.jpg\" alt=\"IMG_0108\" width=\"300\" height=\"200\" srcset=\"https:\/\/www.pzwnarew.pl\/wp-content\/uploads\/2017\/02\/IMG_0108-300x200.jpg 300w, https:\/\/www.pzwnarew.pl\/wp-content\/uploads\/2017\/02\/IMG_0108-1024x683.jpg 1024w\" sizes=\"auto, (max-width: 300px) 100vw, 300px\" \/><\/a><\/p>\n<p>&nbsp;<\/p>\n","protected":false},"excerpt":{"rendered":"<p>W dniach 3,4 i 5 lutego w St\u0105porkowie k.Kielc odby\u0142a si\u0119 Olimpiada Halowa M\u0142odzie\u017cy w Sportach W\u0119dkarskich.W olimpiadzie tej uczestniczyli nasi zawodnicy Sebastian Bazyd\u0142o, Piotr Terlikowski i Kacper Sieniawski. Sukcesem okaza\u0142o si\u0119\u00a0 I i II miejsce w kategorii dru\u017cynowej , Nasi zawodnicy reprezentowali Okr\u0119g Mazowiecki PZW.Cieszymy si\u0119 z tak wy\u015bmienitej postawy naszych ch\u0142opc\u00f3w. Podzi\u0119kowania nale\u017c\u0105 si\u0119 tak\u017ce opiekunom sportowej m\u0142odzie\u017cy tj. Ani,Paw\u0142owi i \u00a0Zdzichowi.<\/p>\n","protected":false},"author":4,"featured_media":0,"comment_status":"open","ping_status":"closed","sticky":false,"template":"","format":"standard","meta":{"footnotes":""},"categories":[20,27],"tags":[],"class_list":["post-7117","post","type-post","status-publish","format-standard","hentry","category-newsy","category-trojna"],"_links":{"self":[{"href":"https:\/\/www.pzwnarew.pl\/index.php?rest_route=\/wp\/v2\/posts\/7117","targetHints":{"allow":["GET"]}}],"collection":[{"href":"https:\/\/www.pzwnarew.pl\/index.php?rest_route=\/wp\/v2\/posts"}],"about":[{"href":"https:\/\/www.pzwnarew.pl\/index.php?rest_route=\/wp\/v2\/types\/post"}],"author":[{"embeddable":true,"href":"https:\/\/www.pzwnarew.pl\/index.php?rest_route=\/wp\/v2\/users\/4"}],"replies":[{"embeddable":true,"href":"https:\/\/www.pzwnarew.pl\/index.php?rest_route=%2Fwp%2Fv2%2Fcomments&post=7117"}],"version-history":[{"count":3,"href":"https:\/\/www.pzwnarew.pl\/index.php?rest_route=\/wp\/v2\/posts\/7117\/revisions"}],"predecessor-version":[{"id":7122,"href":"https:\/\/www.pzwnarew.pl\/index.php?rest_route=\/wp\/v2\/posts\/7117\/revisions\/7122"}],"wp:attachment":[{"href":"https:\/\/www.pzwnarew.pl\/index.php?rest_route=%2Fwp%2Fv2%2Fmedia&parent=7117"}],"wp:term":[{"taxonomy":"category","embeddable":true,"href":"https:\/\/www.pzwnarew.pl\/index.php?rest_route=%2Fwp%2Fv2%2Fcategories&post=7117"},{"taxonomy":"post_tag","embeddable":true,"href":"https:\/\/www.pzwnarew.pl\/index.php?rest_route=%2Fwp%2Fv2%2Ftags&post=7117"}],"curies":[{"name":"wp","href":"https:\/\/api.w.org\/{rel}","templated":true}]}}