{"id":7014,"date":"2016-12-19T16:44:19","date_gmt":"2016-12-19T15:44:19","guid":{"rendered":"http:\/\/www.pzwnarew.pl\/?p=7014"},"modified":"2016-12-19T20:37:44","modified_gmt":"2016-12-19T19:37:44","slug":"halowe-mistrzostwa-rzutowe-ompzw","status":"publish","type":"post","link":"https:\/\/www.pzwnarew.pl\/?p=7014","title":{"rendered":"HALOWE MISTRZOSTWA RZUTOWE  OMPZW"},"content":{"rendered":"<p>W dniu 10.12.2016 w Z\u0105bkach odby\u0142y si\u0119 II Otwarte Halowe Mistrzostwa Okr\u0119gu Mazowieckiego w W\u0119dkarstwie <a href=\"http:\/\/www.pzwnarew.pl\/wp-content\/uploads\/2016\/12\/DSC_0349.jpg\"><img loading=\"lazy\" decoding=\"async\" class=\"alignright size-thumbnail wp-image-7015\" src=\"http:\/\/www.pzwnarew.pl\/wp-content\/uploads\/2016\/12\/DSC_0349-150x150.jpg\" alt=\"dsc_0349\" width=\"150\" height=\"150\" \/><\/a>Rzutowym w kt\u00f3rych startowa\u0142a reprezentacja Ko\u0142a 38 Narew w Ostro\u0142\u0119ce. Dru\u017cyn\u0119 Ko\u0142a stanowili cz\u0142onkowie Szk\u00f3\u0142ki W\u0119dkarskiej \u201e3Leszcze\u201d.<!--more--><\/p>\n<p>Pomimo m\u0142odego wieku wszyscy startowali w kategorii \u201eKadet\u201d do 14 lat zgodnie z regulaminem Mistrzostw. \u00a0Rozegrano trzy konkurencje: Spinning sprawno\u015bciowy do tarczy Arenberga, spinning cel i odleg\u0142o\u015b\u0107.<\/p>\n<p>Wyniki tr\u00f3jboju do lat 14: Terlikowski Piotr (12 lat) miejsce 3, Bazyd\u0142o Sebastian (10 lat)miejsce 6, Sieniawski Kacper (9 lat) miejsce 7 , Butkowski Filip (9 lat) miejsce 10, Nurczyk Olivier (9 lat) miejsce 11.<\/p>\n<p>W kategorii kadetek do lat 14 Butkowska Julia (8 lat )zaj\u0119\u0142a 4 miejsce.<\/p>\n<p>Nagrody dla zawodnik\u00f3w sponsorowa\u0142a firma Konger.<\/p>\n<p><a href=\"http:\/\/www.pzwnarew.pl\/gallery_pzw\/thumbnails.php?album=235\"><img loading=\"lazy\" decoding=\"async\" class=\"aligncenter size-full wp-image-4190\" src=\"http:\/\/www.pzwnarew.pl\/wp-content\/uploads\/2013\/04\/play-galeria.jpg\" alt=\"play galeria\" width=\"342\" height=\"213\" srcset=\"https:\/\/www.pzwnarew.pl\/wp-content\/uploads\/2013\/04\/play-galeria.jpg 342w, https:\/\/www.pzwnarew.pl\/wp-content\/uploads\/2013\/04\/play-galeria-300x186.jpg 300w\" sizes=\"auto, (max-width: 342px) 100vw, 342px\" \/><\/a><\/p>\n<p>&nbsp;<\/p>\n","protected":false},"excerpt":{"rendered":"<p>W dniu 10.12.2016 w Z\u0105bkach odby\u0142y si\u0119 II Otwarte Halowe Mistrzostwa Okr\u0119gu Mazowieckiego w W\u0119dkarstwie Rzutowym w kt\u00f3rych startowa\u0142a reprezentacja Ko\u0142a 38 Narew w Ostro\u0142\u0119ce. Dru\u017cyn\u0119 Ko\u0142a stanowili cz\u0142onkowie Szk\u00f3\u0142ki W\u0119dkarskiej \u201e3Leszcze\u201d.<\/p>\n","protected":false},"author":4,"featured_media":0,"comment_status":"open","ping_status":"closed","sticky":false,"template":"","format":"standard","meta":{"footnotes":""},"categories":[20,27],"tags":[],"class_list":["post-7014","post","type-post","status-publish","format-standard","hentry","category-newsy","category-trojna"],"_links":{"self":[{"href":"https:\/\/www.pzwnarew.pl\/index.php?rest_route=\/wp\/v2\/posts\/7014","targetHints":{"allow":["GET"]}}],"collection":[{"href":"https:\/\/www.pzwnarew.pl\/index.php?rest_route=\/wp\/v2\/posts"}],"about":[{"href":"https:\/\/www.pzwnarew.pl\/index.php?rest_route=\/wp\/v2\/types\/post"}],"author":[{"embeddable":true,"href":"https:\/\/www.pzwnarew.pl\/index.php?rest_route=\/wp\/v2\/users\/4"}],"replies":[{"embeddable":true,"href":"https:\/\/www.pzwnarew.pl\/index.php?rest_route=%2Fwp%2Fv2%2Fcomments&post=7014"}],"version-history":[{"count":3,"href":"https:\/\/www.pzwnarew.pl\/index.php?rest_route=\/wp\/v2\/posts\/7014\/revisions"}],"predecessor-version":[{"id":7019,"href":"https:\/\/www.pzwnarew.pl\/index.php?rest_route=\/wp\/v2\/posts\/7014\/revisions\/7019"}],"wp:attachment":[{"href":"https:\/\/www.pzwnarew.pl\/index.php?rest_route=%2Fwp%2Fv2%2Fmedia&parent=7014"}],"wp:term":[{"taxonomy":"category","embeddable":true,"href":"https:\/\/www.pzwnarew.pl\/index.php?rest_route=%2Fwp%2Fv2%2Fcategories&post=7014"},{"taxonomy":"post_tag","embeddable":true,"href":"https:\/\/www.pzwnarew.pl\/index.php?rest_route=%2Fwp%2Fv2%2Ftags&post=7014"}],"curies":[{"name":"wp","href":"https:\/\/api.w.org\/{rel}","templated":true}]}}