{"id":7011,"date":"2016-12-18T19:51:16","date_gmt":"2016-12-18T18:51:16","guid":{"rendered":"http:\/\/www.pzwnarew.pl\/?p=7011"},"modified":"2016-12-18T19:51:43","modified_gmt":"2016-12-18T18:51:43","slug":"wigilia-wedkarska-2","status":"publish","type":"post","link":"https:\/\/www.pzwnarew.pl\/?p=7011","title":{"rendered":"Wigilia w\u0119dkarska PZW Narew"},"content":{"rendered":"<p>Tradycyjnie ju\u017c jak co roku w\u0119dkarze z naszego ko\u0142a spotkali si\u0119 w restauracji \u201eLUNA NAD Narwi\u0105\u201d aby podzieli\u0107 si\u0119 <a href=\"http:\/\/www.pzwnarew.pl\/wp-content\/uploads\/2016\/12\/IMG_1228.jpg\"><img loading=\"lazy\" decoding=\"async\" class=\"alignright size-thumbnail wp-image-7002\" src=\"http:\/\/www.pzwnarew.pl\/wp-content\/uploads\/2016\/12\/IMG_1228-150x150.jpg\" alt=\"img_1228\" width=\"150\" height=\"150\" \/><\/a>op\u0142atkiem \u017cycz\u0105c sobie wszystkiego najlepszego<span id=\"more-7008\"><\/span>. Podsumowano konkurs \u201e\u0141owcy Okaz\u00f3w\u201d , nagrody odebrali Piotr Terlikowski, Micha\u0142 Bednarczyk , Dariusz Wi\u015bniewski. Nagrodzili\u015bmy tak\u017ce naszych najbardziej pracowitych cz\u0142onk\u00f3w, s\u0105 to: Pa\u0144stwo Anna i Pawe\u0142 Bazyd\u0142o, Pawe\u0142 Rukasz i Adam Kube\u0142. Prezesi Andrzej i Wojciech dobrze podsumowali nasza dzia\u0142alno\u015b\u0107 w mijaj\u0105cym roku. <!--more--><\/p>\n<p>Cieszymy si\u0119 z naszych sukces\u00f3w i zapraszamy wszystkich w\u0119dkarzy do naszego ko\u0142a.<\/p>\n<p>Sk\u0142adki PZW mo\u017cna wykupi\u0107 ju\u017c w poniedzia\u0142ek w Sklepie W\u0119dkarskim \u201eLIN\u201d , oraz naszych sekcjach w Goworowie u kolegi Wojciecha Krupki i w Baranowie w barze \u201eZodiak\u201d.<\/p>\n<p><a href=\"http:\/\/www.pzwnarew.pl\/gallery_pzw\/thumbnails.php?album=236\"><img loading=\"lazy\" decoding=\"async\" class=\"aligncenter size-full wp-image-4190\" src=\"http:\/\/www.pzwnarew.pl\/wp-content\/uploads\/2013\/04\/play-galeria.jpg\" alt=\"play galeria\" width=\"342\" height=\"213\" srcset=\"https:\/\/www.pzwnarew.pl\/wp-content\/uploads\/2013\/04\/play-galeria.jpg 342w, https:\/\/www.pzwnarew.pl\/wp-content\/uploads\/2013\/04\/play-galeria-300x186.jpg 300w\" sizes=\"auto, (max-width: 342px) 100vw, 342px\" \/><\/a><\/p>\n","protected":false},"excerpt":{"rendered":"<p>Tradycyjnie ju\u017c jak co roku w\u0119dkarze z naszego ko\u0142a spotkali si\u0119 w restauracji \u201eLUNA NAD Narwi\u0105\u201d aby podzieli\u0107 si\u0119 op\u0142atkiem \u017cycz\u0105c sobie wszystkiego najlepszego. Podsumowano konkurs \u201e\u0141owcy Okaz\u00f3w\u201d , nagrody odebrali Piotr Terlikowski, Micha\u0142 Bednarczyk , Dariusz Wi\u015bniewski. Nagrodzili\u015bmy tak\u017ce naszych najbardziej pracowitych cz\u0142onk\u00f3w, s\u0105 to: Pa\u0144stwo Anna i Pawe\u0142 Bazyd\u0142o, Pawe\u0142 Rukasz i Adam Kube\u0142. Prezesi Andrzej i Wojciech dobrze podsumowali nasza dzia\u0142alno\u015b\u0107 w mijaj\u0105cym roku.<\/p>\n","protected":false},"author":2,"featured_media":0,"comment_status":"open","ping_status":"closed","sticky":false,"template":"","format":"standard","meta":{"footnotes":""},"categories":[20],"tags":[],"class_list":["post-7011","post","type-post","status-publish","format-standard","hentry","category-newsy"],"_links":{"self":[{"href":"https:\/\/www.pzwnarew.pl\/index.php?rest_route=\/wp\/v2\/posts\/7011","targetHints":{"allow":["GET"]}}],"collection":[{"href":"https:\/\/www.pzwnarew.pl\/index.php?rest_route=\/wp\/v2\/posts"}],"about":[{"href":"https:\/\/www.pzwnarew.pl\/index.php?rest_route=\/wp\/v2\/types\/post"}],"author":[{"embeddable":true,"href":"https:\/\/www.pzwnarew.pl\/index.php?rest_route=\/wp\/v2\/users\/2"}],"replies":[{"embeddable":true,"href":"https:\/\/www.pzwnarew.pl\/index.php?rest_route=%2Fwp%2Fv2%2Fcomments&post=7011"}],"version-history":[{"count":2,"href":"https:\/\/www.pzwnarew.pl\/index.php?rest_route=\/wp\/v2\/posts\/7011\/revisions"}],"predecessor-version":[{"id":7013,"href":"https:\/\/www.pzwnarew.pl\/index.php?rest_route=\/wp\/v2\/posts\/7011\/revisions\/7013"}],"wp:attachment":[{"href":"https:\/\/www.pzwnarew.pl\/index.php?rest_route=%2Fwp%2Fv2%2Fmedia&parent=7011"}],"wp:term":[{"taxonomy":"category","embeddable":true,"href":"https:\/\/www.pzwnarew.pl\/index.php?rest_route=%2Fwp%2Fv2%2Fcategories&post=7011"},{"taxonomy":"post_tag","embeddable":true,"href":"https:\/\/www.pzwnarew.pl\/index.php?rest_route=%2Fwp%2Fv2%2Ftags&post=7011"}],"curies":[{"name":"wp","href":"https:\/\/api.w.org\/{rel}","templated":true}]}}