{"id":6977,"date":"2016-06-26T15:29:36","date_gmt":"2016-06-26T13:29:36","guid":{"rendered":"http:\/\/www.pzwnarew.pl\/?p=6977"},"modified":"2017-11-10T18:35:41","modified_gmt":"2017-11-10T17:35:41","slug":"6977","status":"publish","type":"post","link":"https:\/\/www.pzwnarew.pl\/?p=6977","title":{"rendered":"Okazy 2017"},"content":{"rendered":"<p><a href=\"http:\/\/www.pzwnarew.pl\/wp-content\/uploads\/2016\/05\/linhydro1.jpg\"><img loading=\"lazy\" decoding=\"async\" class=\"aligncenter size-full wp-image-6600\" src=\"http:\/\/www.pzwnarew.pl\/wp-content\/uploads\/2016\/05\/linhydro1.jpg\" alt=\"linhydro\" width=\"1120\" height=\"282\" srcset=\"https:\/\/www.pzwnarew.pl\/wp-content\/uploads\/2016\/05\/linhydro1.jpg 1120w, https:\/\/www.pzwnarew.pl\/wp-content\/uploads\/2016\/05\/linhydro1-300x76.jpg 300w, https:\/\/www.pzwnarew.pl\/wp-content\/uploads\/2016\/05\/linhydro1-1024x258.jpg 1024w\" sizes=\"auto, (max-width: 1120px) 100vw, 1120px\" \/><\/a><\/p>\n<p><strong>Zarz\u0105d Ko\u0142a \u201eNarew\u201d w Ostro\u0142\u0119ce og\u0142asza coroczny konkurs dla swoich cz\u0142onk\u00f3w pod nazw\u0105 \u201eOkazy w\u0119dkarskie\u201d.<\/strong><\/p>\n<p>W\u00a0 bie\u017c\u0105cym roku czas trwania konkursu:<br \/>\nod 1 marca do 30 listopada 2017 r.<\/p>\n<p>Przedmiotem konkursu s\u0105 najwi\u0119ksze okazy z\u0142owionych ryb we wszystkich gatunkach dozwolonych do po\u0142owu zgodnie z regulaminem amatorskiego po\u0142owu ryb, z zachowaniem okres\u00f3w i wymiar\u00f3w ochronnych.<br \/>\nRyby stanowi\u0105ce przedmiot zg\u0142oszenia w konkursie powinny by\u0107 sfotografowane lub uwiecznione na innych no\u015bnikach.<\/p>\n<p>Regulamin konkursy:<\/p>\n<p>1. Ryby z\u0142owione musz\u0105 by\u0107 na wodach PZW z wy\u0142\u0105czeniem \u0142owisk komercyjnych.<\/p>\n<p>2. Przy fotografowaniu ryb nale\u017cy zachowa\u0107 zasad\u0119 aby z\u0142owiony okaz by\u0142 pierwszoplanow\u0105 postaci\u0105, w\u0119dkarz (autor wyczynu) powinien by\u0107 widoczny na drugim planie.<\/p>\n<p>3. Przy zg\u0142oszeniu ryby nale\u017cy poda\u0107 \u015bwiadk\u00f3w po\u0142owu je\u017celi tacy byli.<\/p>\n<p>4. Ryb\u0119 nale\u017cy zmierzy\u0107 od tzw. czubka pyska do ko\u0144ca najd\u0142u\u017cszego promienia p\u0142etwy ogonowej (zdj\u0119cie z miar\u0105)<\/p>\n<p>5. Poda\u0107 imi\u0119, nazwisko \u0142owcy, \u00a0gatunek ryby oraz czas i miejsce gdzie zosta\u0142a z\u0142owiona.<\/p>\n<p>6. Ryba po zrobieniu zdj\u0119cia musi trafi\u0107 do swojego \u0142owiska (konieczne zdj\u0119cie lub film z wypuszczenia okazu)<\/p>\n<p>7. Bior\u0105c udzia\u0142 w naszym konkursie trzeba by\u0107 cz\u0142onkiem naszego ko\u0142a Narew 38 (wykupione znaki na 2017 rok w naszym kole w\u0119dkarskim)<\/p>\n<p>WA\u017bNE !!! Regulamin posiada 7 podpunkt\u00f3w, z\u0142amanie przynajmniej jednego z nich dyskwalifikuje w\u0119dkarza z konkursu.<\/p>\n<p>Z konkursu wy\u0142\u0105czone s\u0105 nast\u0119puj\u0105ce gatunki ryb: Ukleja, Jazgarz, Kie\u0142b i Kr\u0105p<\/p>\n<hr \/>\n<p style=\"text-align: center;\"><a href=\"http:\/\/www.pzwnarew.pl\/wp-content\/uploads\/2016\/06\/muchaa.jpg\"><img loading=\"lazy\" decoding=\"async\" class=\"aligncenter size-medium wp-image-7462\" src=\"http:\/\/www.pzwnarew.pl\/wp-content\/uploads\/2016\/06\/muchaa-169x300.jpg\" alt=\"muchaa\" width=\"169\" height=\"300\" srcset=\"https:\/\/www.pzwnarew.pl\/wp-content\/uploads\/2016\/06\/muchaa-169x300.jpg 169w, https:\/\/www.pzwnarew.pl\/wp-content\/uploads\/2016\/06\/muchaa.jpg 357w\" sizes=\"auto, (max-width: 169px) 100vw, 169px\" \/><\/a><strong>Piotr Mucha<\/strong><\/p>\n<p style=\"text-align: center;\">W dniu 1 lipca na starorzeczu Narwi z\u0142owi\u0142 szczupaka 66 cm po zrobieniu fotografii wr\u00f3ci\u0142 do wody.<\/p>\n<p style=\"text-align: center;\">GRATULUJEMY!!<\/p>\n<p style=\"text-align: center;\">Film z wypuszczenia :\u00a0<a href=\"https:\/\/www.youtube.com\/watch?v=2KLrcxrn_8A&amp;app=desktop\"> https:\/\/www.youtube.com\/watch?v=2KLrcxrn_8A&amp;app=desktop<\/a><\/p>\n<hr \/>\n<p style=\"text-align: center;\"><a href=\"http:\/\/www.pzwnarew.pl\/wp-content\/uploads\/2016\/06\/20228535_829015870594476_2948703553940172420_n.jpg\"><img loading=\"lazy\" decoding=\"async\" class=\"aligncenter size-medium wp-image-7478\" src=\"http:\/\/www.pzwnarew.pl\/wp-content\/uploads\/2016\/06\/20228535_829015870594476_2948703553940172420_n-169x300.jpg\" alt=\"20228535_829015870594476_2948703553940172420_n\" width=\"169\" height=\"300\" srcset=\"https:\/\/www.pzwnarew.pl\/wp-content\/uploads\/2016\/06\/20228535_829015870594476_2948703553940172420_n-169x300.jpg 169w, https:\/\/www.pzwnarew.pl\/wp-content\/uploads\/2016\/06\/20228535_829015870594476_2948703553940172420_n.jpg 541w\" sizes=\"auto, (max-width: 169px) 100vw, 169px\" \/><\/a><strong>Janusz Prusi\u0144ski<\/strong><\/p>\n<p style=\"text-align: center;\">Z\u0142owi\u0142 w dniu 22.07.2017 na jeziorze Brajnicki Karasia 31 cm po zrobieniu fotografii wr\u00f3ci\u0142 do wody.<\/p>\n<p style=\"text-align: center;\">GRATULUJEMY!!<\/p>\n<p style=\"text-align: center;\">film z wypuszczenia na naszym profilu FB PZW Narew<\/p>\n<hr \/>\n<p style=\"text-align: center;\"><a href=\"http:\/\/www.pzwnarew.pl\/wp-content\/uploads\/2017\/07\/IMG_20170626_185851.jpg\"><img loading=\"lazy\" decoding=\"async\" class=\"aligncenter size-medium wp-image-7475\" src=\"http:\/\/www.pzwnarew.pl\/wp-content\/uploads\/2017\/07\/IMG_20170626_185851-225x300.jpg\" alt=\"IMG_20170626_185851\" width=\"225\" height=\"300\" srcset=\"https:\/\/www.pzwnarew.pl\/wp-content\/uploads\/2017\/07\/IMG_20170626_185851-225x300.jpg 225w, https:\/\/www.pzwnarew.pl\/wp-content\/uploads\/2017\/07\/IMG_20170626_185851-768x1024.jpg 768w\" sizes=\"auto, (max-width: 225px) 100vw, 225px\" \/><\/a><strong>Piotr Mrozek<\/strong><\/p>\n<p style=\"text-align: center;\">W\u00a0 lipcu z\u0142owi\u0142 Sap\u0119 39,5 cm po zrobieniu fotografii wr\u00f3ci\u0142 do wody.<\/p>\n<p style=\"text-align: center;\">GRATULUJEMY!!<\/p>\n<hr \/>\n<p style=\"text-align: center;\"><a href=\"http:\/\/www.pzwnarew.pl\/wp-content\/uploads\/2016\/06\/21190992_1442786172442935_1850435382_o.jpg\"><img loading=\"lazy\" decoding=\"async\" class=\"aligncenter size-medium wp-image-7500\" src=\"http:\/\/www.pzwnarew.pl\/wp-content\/uploads\/2016\/06\/21190992_1442786172442935_1850435382_o-168x300.jpg\" alt=\"21190992_1442786172442935_1850435382_o\" width=\"168\" height=\"300\" srcset=\"https:\/\/www.pzwnarew.pl\/wp-content\/uploads\/2016\/06\/21190992_1442786172442935_1850435382_o-168x300.jpg 168w, https:\/\/www.pzwnarew.pl\/wp-content\/uploads\/2016\/06\/21190992_1442786172442935_1850435382_o-574x1024.jpg 574w, https:\/\/www.pzwnarew.pl\/wp-content\/uploads\/2016\/06\/21190992_1442786172442935_1850435382_o.jpg 664w\" sizes=\"auto, (max-width: 168px) 100vw, 168px\" \/><\/a><a href=\"http:\/\/www.pzwnarew.pl\/wp-content\/uploads\/2016\/06\/21170834_1442786262442926_1825224927_o.jpg\"><img loading=\"lazy\" decoding=\"async\" class=\"alignleft size-thumbnail wp-image-7501\" src=\"http:\/\/www.pzwnarew.pl\/wp-content\/uploads\/2016\/06\/21170834_1442786262442926_1825224927_o-150x150.jpg\" alt=\"21170834_1442786262442926_1825224927_o\" width=\"150\" height=\"150\" \/><\/a> <strong>Sebastian \u017bebrowski<\/strong><\/p>\n<p style=\"text-align: center;\">Dnia 25.08.17. ok godziny 2 w nocy z\u0142owi\u0142 Leszcza 58cm , 3.5 kg branie by\u0142o bardzo delikatne na p\u0119k bia\u0142ych robak\u00f3w. \u015awiatkiem tego zdarzenia by\u0142 serdeczny kolega Jacek Wysocki kt\u00f3ry zrobi\u0142 fotki i nagra\u0142 film z wypuszczenia i wa\u017cenia. Szcz\u0119\u015bliwym \u0142owiskiem okaza\u0142a si\u0119 nasza Narew w Kamiance.<\/p>\n<p style=\"text-align: center;\"><strong>GRATULUJEMY !!!<\/strong><\/p>\n<div style=\"width: 368px;\" class=\"wp-video\"><!--[if lt IE 9]><script>document.createElement('video');<\/script><![endif]-->\n<video class=\"wp-video-shortcode\" id=\"video-6977-1\" width=\"368\" height=\"656\" preload=\"metadata\" controls=\"controls\"><source type=\"video\/mp4\" src=\"http:\/\/www.pzwnarew.pl\/wp-content\/uploads\/2016\/06\/video-1503939978.mp4?_=1\" \/><a href=\"http:\/\/www.pzwnarew.pl\/wp-content\/uploads\/2016\/06\/video-1503939978.mp4\">http:\/\/www.pzwnarew.pl\/wp-content\/uploads\/2016\/06\/video-1503939978.mp4<\/a><\/video><\/div>\n<div style=\"width: 368px;\" class=\"wp-video\"><video class=\"wp-video-shortcode\" id=\"video-6977-2\" width=\"368\" height=\"656\" preload=\"metadata\" controls=\"controls\"><source type=\"video\/mp4\" src=\"http:\/\/www.pzwnarew.pl\/wp-content\/uploads\/2016\/06\/video-1503939981.mp4?_=2\" \/><a href=\"http:\/\/www.pzwnarew.pl\/wp-content\/uploads\/2016\/06\/video-1503939981.mp4\">http:\/\/www.pzwnarew.pl\/wp-content\/uploads\/2016\/06\/video-1503939981.mp4<\/a><\/video><\/div>\n<hr \/>\n<p>&nbsp;<\/p>\n<p><a href=\"http:\/\/www.pzwnarew.pl\/wp-content\/uploads\/2017\/09\/19970679_1061086540687907_2106253792_n.png\"><img loading=\"lazy\" decoding=\"async\" class=\"aligncenter size-medium wp-image-7533\" src=\"http:\/\/www.pzwnarew.pl\/wp-content\/uploads\/2017\/09\/19970679_1061086540687907_2106253792_n-300x191.png\" alt=\"19970679_1061086540687907_2106253792_n\" width=\"300\" height=\"191\" srcset=\"https:\/\/www.pzwnarew.pl\/wp-content\/uploads\/2017\/09\/19970679_1061086540687907_2106253792_n-300x191.png 300w, https:\/\/www.pzwnarew.pl\/wp-content\/uploads\/2017\/09\/19970679_1061086540687907_2106253792_n.png 864w\" sizes=\"auto, (max-width: 300px) 100vw, 300px\" \/><\/a><\/p>\n<p style=\"text-align: center;\"><strong>Kube\u0142 Adam<\/strong><\/p>\n<p style=\"text-align: center;\">Adam Kube\u0142 na Narwi z\u0142owi\u0142 Suma d\u0142ugo\u015bci 102 cm , ryba wr\u00f3ci\u0142a do wody mo\u017ce za rok b\u0119dzie mia\u0142 150 cm?<\/p>\n<p style=\"text-align: center;\">Film z wypuszczenia w siedzibie kola Narew<\/p>\n<p style=\"text-align: center;\">Gratulujemy!!!<\/p>\n<hr \/>\n<p style=\"text-align: center;\"><a href=\"http:\/\/www.pzwnarew.pl\/wp-content\/uploads\/2016\/06\/Screenshot_20171020-144838.jpg.png\"><img loading=\"lazy\" decoding=\"async\" class=\"aligncenter size-medium wp-image-7637\" src=\"http:\/\/www.pzwnarew.pl\/wp-content\/uploads\/2016\/06\/Screenshot_20171020-144838.jpg-300x169.png\" alt=\"Screenshot_20171020-144838.jpg\" width=\"300\" height=\"169\" srcset=\"https:\/\/www.pzwnarew.pl\/wp-content\/uploads\/2016\/06\/Screenshot_20171020-144838.jpg-300x169.png 300w, https:\/\/www.pzwnarew.pl\/wp-content\/uploads\/2016\/06\/Screenshot_20171020-144838.jpg-1024x576.png 1024w, https:\/\/www.pzwnarew.pl\/wp-content\/uploads\/2016\/06\/Screenshot_20171020-144838.jpg.png 1920w\" sizes=\"auto, (max-width: 300px) 100vw, 300px\" \/><\/a><strong>Piotr Mucha<\/strong><\/p>\n<p style=\"text-align: center;\">W dniu 20 pa\u017adziernika na starorzeczu Narwi z\u0142owi\u0142 szczupaka 77 cm po zrobieniu fotografii wr\u00f3ci\u0142 do wody.<\/p>\n<p style=\"text-align: center;\">GRATULUJEMY!!<\/p>\n<p style=\"text-align: center;\">Film z wypuszczenia i \u0142owienia :<\/p>\n<p style=\"text-align: center;\"><a href=\"https:\/\/m.youtube.com\/watch?v=RtfAaOppcSI\" target=\"_blank\" data-saferedirecturl=\"https:\/\/www.google.com\/url?hl=pl&amp;q=https:\/\/m.youtube.com\/watch?v%3DRtfAaOppcSI&amp;source=gmail&amp;ust=1509175273516000&amp;usg=AFQjCNHaM-wEmqFoi2uNLkpfOMqzXLJdqg\">https:\/\/m.youtube.com\/watch?v=<wbr><\/wbr>RtfAaOppcSI<\/a><\/p>\n<p style=\"text-align: center;\"><a href=\"https:\/\/m.youtube.com\/watch?v=uBygSnpKoq4\" target=\"_blank\" data-saferedirecturl=\"https:\/\/www.google.com\/url?hl=pl&amp;q=https:\/\/m.youtube.com\/watch?v%3DuBygSnpKoq4&amp;source=gmail&amp;ust=1509175273516000&amp;usg=AFQjCNHgkLX58-FjKAYpjXZgfGq-4ZSCmA\">https:\/\/m.youtube.com\/watch?v=<wbr><\/wbr>uBygSnpKoq4<\/a><\/p>\n<hr \/>\n<p style=\"text-align: center;\"><a href=\"http:\/\/www.pzwnarew.pl\/wp-content\/uploads\/2016\/06\/20171105_085025.jpg\"><img loading=\"lazy\" decoding=\"async\" class=\" wp-image-7675 size-medium aligncenter\" src=\"http:\/\/www.pzwnarew.pl\/wp-content\/uploads\/2016\/06\/20171105_085025-300x169.jpg\" alt=\"20171105_085025\" width=\"300\" height=\"169\" srcset=\"https:\/\/www.pzwnarew.pl\/wp-content\/uploads\/2016\/06\/20171105_085025-300x169.jpg 300w, https:\/\/www.pzwnarew.pl\/wp-content\/uploads\/2016\/06\/20171105_085025-1024x576.jpg 1024w\" sizes=\"auto, (max-width: 300px) 100vw, 300px\" \/><\/a><\/p>\n<p style=\"text-align: center;\"><strong>\u0141ukasz Garbulewski<br \/>\n<\/strong><\/p>\n<p style=\"text-align: center;\">W dniu 5 listopada na starorzeczu Narwi z\u0142owi\u0142 okonia 40 cm po zrobieniu fotografii wr\u00f3ci\u0142 do wody.<\/p>\n<p style=\"text-align: center;\">GRATULUJEMY!!<\/p>\n<p style=\"text-align: center;\">Film z wypuszczenia\u00a0 :<\/p>\n<p><iframe loading=\"lazy\" title=\"Oko\u0144 40 cm (okaz 2017 PZW Narew)\" width=\"640\" height=\"360\" src=\"https:\/\/www.youtube.com\/embed\/EvLRbxoNivI?feature=oembed\" frameborder=\"0\" allow=\"accelerometer; autoplay; clipboard-write; encrypted-media; gyroscope; picture-in-picture; web-share\" referrerpolicy=\"strict-origin-when-cross-origin\" allowfullscreen><\/iframe><\/p>\n<p style=\"text-align: center;\"><a href=\"http:\/\/www.pzwnarew.pl\/wp-content\/uploads\/2016\/06\/20171105_084937-crop.jpg\"><img loading=\"lazy\" decoding=\"async\" class=\"alignleft size-medium wp-image-7674\" src=\"http:\/\/www.pzwnarew.pl\/wp-content\/uploads\/2016\/06\/20171105_084937-crop-300x196.jpg\" alt=\"20171105_084937-crop\" width=\"300\" height=\"196\" srcset=\"https:\/\/www.pzwnarew.pl\/wp-content\/uploads\/2016\/06\/20171105_084937-crop-300x196.jpg 300w, https:\/\/www.pzwnarew.pl\/wp-content\/uploads\/2016\/06\/20171105_084937-crop-1024x668.jpg 1024w\" sizes=\"auto, (max-width: 300px) 100vw, 300px\" \/><\/a>GRATULUJEMY!!<\/p>\n<p style=\"text-align: center;\">\n","protected":false},"excerpt":{"rendered":"<p>Zarz\u0105d Ko\u0142a \u201eNarew\u201d w Ostro\u0142\u0119ce og\u0142asza coroczny konkurs dla swoich cz\u0142onk\u00f3w pod nazw\u0105 \u201eOkazy w\u0119dkarskie\u201d. W\u00a0 bie\u017c\u0105cym roku czas trwania konkursu: od 1 marca do 30 listopada 2017 r. Przedmiotem konkursu s\u0105 najwi\u0119ksze okazy z\u0142owionych ryb we wszystkich gatunkach dozwolonych do po\u0142owu zgodnie z regulaminem amatorskiego po\u0142owu ryb, z zachowaniem okres\u00f3w i wymiar\u00f3w ochronnych. Ryby stanowi\u0105ce przedmiot zg\u0142oszenia w konkursie powinny by\u0107 sfotografowane lub uwiecznione na innych no\u015bnikach. Regulamin konkursy: 1. Ryby z\u0142owione musz\u0105 by\u0107 na wodach PZW z wy\u0142\u0105czeniem&#8230;<\/p>\n<p class=\"read-more\"><a class=\"btn btn-default\" href=\"https:\/\/www.pzwnarew.pl\/?p=6977\"> Read More<span class=\"screen-reader-text\">  Read More<\/span><\/a><\/p>\n","protected":false},"author":2,"featured_media":0,"comment_status":"open","ping_status":"closed","sticky":false,"template":"","format":"standard","meta":{"footnotes":""},"categories":[54],"tags":[],"class_list":["post-6977","post","type-post","status-publish","format-standard","hentry","category-okazy-2017"],"_links":{"self":[{"href":"https:\/\/www.pzwnarew.pl\/index.php?rest_route=\/wp\/v2\/posts\/6977","targetHints":{"allow":["GET"]}}],"collection":[{"href":"https:\/\/www.pzwnarew.pl\/index.php?rest_route=\/wp\/v2\/posts"}],"about":[{"href":"https:\/\/www.pzwnarew.pl\/index.php?rest_route=\/wp\/v2\/types\/post"}],"author":[{"embeddable":true,"href":"https:\/\/www.pzwnarew.pl\/index.php?rest_route=\/wp\/v2\/users\/2"}],"replies":[{"embeddable":true,"href":"https:\/\/www.pzwnarew.pl\/index.php?rest_route=%2Fwp%2Fv2%2Fcomments&post=6977"}],"version-history":[{"count":15,"href":"https:\/\/www.pzwnarew.pl\/index.php?rest_route=\/wp\/v2\/posts\/6977\/revisions"}],"predecessor-version":[{"id":7683,"href":"https:\/\/www.pzwnarew.pl\/index.php?rest_route=\/wp\/v2\/posts\/6977\/revisions\/7683"}],"wp:attachment":[{"href":"https:\/\/www.pzwnarew.pl\/index.php?rest_route=%2Fwp%2Fv2%2Fmedia&parent=6977"}],"wp:term":[{"taxonomy":"category","embeddable":true,"href":"https:\/\/www.pzwnarew.pl\/index.php?rest_route=%2Fwp%2Fv2%2Fcategories&post=6977"},{"taxonomy":"post_tag","embeddable":true,"href":"https:\/\/www.pzwnarew.pl\/index.php?rest_route=%2Fwp%2Fv2%2Ftags&post=6977"}],"curies":[{"name":"wp","href":"https:\/\/api.w.org\/{rel}","templated":true}]}}