{"id":6970,"date":"2016-11-26T15:19:01","date_gmt":"2016-11-26T14:19:01","guid":{"rendered":"http:\/\/www.pzwnarew.pl\/?p=6970"},"modified":"2016-11-26T15:19:52","modified_gmt":"2016-11-26T14:19:52","slug":"spotkanie-instruktazowe-pzw-w-komorowie","status":"publish","type":"post","link":"https:\/\/www.pzwnarew.pl\/?p=6970","title":{"rendered":"Spotkanie instrukta\u017cowe PZW w Komorowie"},"content":{"rendered":"<p><span style=\"font-family: Arial; font-size: small;\">W poniedzia\u0142ek 21 listopada\u00a0 br. w godzinach popo\u0142udniowych w Klubie Garnizonowym Jednostki Wojskowej w Komorowie <a href=\"http:\/\/www.pzwnarew.pl\/wp-content\/uploads\/2016\/11\/sdsad.jpg\"><img loading=\"lazy\" decoding=\"async\" class=\"alignright size-thumbnail wp-image-6971\" src=\"http:\/\/www.pzwnarew.pl\/wp-content\/uploads\/2016\/11\/sdsad-150x150.jpg\" alt=\"sdsad\" width=\"150\" height=\"150\" \/><\/a>k\/Ostrowi <\/span><span style=\"font-family: Arial; font-size: small;\">Mazowieckiej odby\u0142o si\u0119 spotkanie <\/span><span style=\"font-family: Arial; font-size: small;\">instrukta\u017cowe<span class=\"m_8122495179614121457Apple-converted-space\"> przedstawicieli k\u00f3\u0142\u00a0 z p\u00f3\u0142nocno-wschodniego rejonu\u00a0<\/span><\/span><span style=\"font-family: Arial; font-size: small;\">Okr\u0119gu Mazowieckiego\u00a0<\/span><span style=\"font-family: Arial; font-size: small;\"><span class=\"m_8122495179614121457Apple-converted-space\">PZW<\/span><\/span><span style=\"font-family: Arial; font-size: small;\"><span class=\"m_8122495179614121457Apple-converted-space\">. W spotkaniu z w\u0142adzami okr\u0119gu wzi\u0119li udzia\u0142\u00a0 <\/span>Prezesi,<span class=\"m_8122495179614121457Apple-converted-space\">\u00a0<\/span>Skarbnicy, Przewodnicz\u0105cy Komisji Rewizyjnych K\u00f3\u0142<span class=\"m_8122495179614121457Apple-converted-space\">\u00a0<\/span> oraz osoby odpowiedzialne za rozprowadzanie znak\u00f3w i zezwole\u0144 na 2017 rok w schroniskach i stanicach w\u0119dkarskich. W\u0142adze Okr\u0119gu Mazowieckiego reprezentowali: prezes zarz\u0105du Zbigniew Bedy\u0144ski,\u00a0 wiceprezes ds. organizacyjnych i promocji Miros\u0142aw Konopka, wiceprezes ds.zagospodarowania i ochrony w\u00f3d Marek Roszkiewicz, wiceprezes ds. sportu i m\u0142odzie\u017cy Wojciech Szubierajski, wiceprezes d.s. inwestycyjno-remontowych Andrzej Warcho\u0142, Waldemar Borowy-skarbnik i <\/span><span style=\"font-family: Arial; font-size: small;\"> Stanis\u0142aw Pliszka<\/span> <span style=\"font-family: Arial; font-size: small;\">przedstawiciel ostro\u0142\u0119ckiej spo\u0142eczno\u015bci w\u0119dkarskiej w prezydium zarz\u0105du.<br \/>\n<\/span><!--more--><\/p>\n<p>Bogaty program spotkania obejmowa\u0142 wiele obszar\u00f3w codziennej aktywno\u015bci zwi\u0105zku jak ochrona i zagospodarowanie w\u00f3d-\u00a0 kt\u00f3rymi gospodarzy Okr\u0119g Mazowiecki PZW -organizacj\u0119 zawod\u00f3w, zasady przeprowadzania egzamin\u00f3w, sprzeda\u017cy znak\u00f3w w\u0119dkarskich, inwestycje, zarybienia, szkolenie m\u0142odzie\u017cy. Poza wyst\u0105pieniami cz\u0142onk\u00f3w w\u0142adz przewidziano r\u00f3wnie\u017c zadawanie pyta\u0144 i dyskusje.Tego rodzaju spotkania odbywaj\u0105 si\u0119 co roku.\u00a0 <span style=\"text-decoration: underline;\">W\u0119dkarze przyjechali z<\/span>: Ostro\u0142\u0119ki, Myszy\u0144ca, Czy\u017cewa, R\u00f3\u017cana, Ostrowi Maz.,Ma\u0142kini, Przasnysza,Szczytna,\u0141om\u017cy, Szepietowa, Grajewa, Kolna, Wysokiego Maz. , Ciechanowca.<br \/>\nGospodarzem spotkania by\u0142 kolega Lech Czudowski-\u00a0 prezes ko\u0142a PZW z Komorowa.<\/p>\n<p><a href=\"http:\/\/www.pzwnarew.pl\/wp-content\/uploads\/2016\/11\/dfdfddfmed.jpg\"><img loading=\"lazy\" decoding=\"async\" class=\"aligncenter size-medium wp-image-6972\" src=\"http:\/\/www.pzwnarew.pl\/wp-content\/uploads\/2016\/11\/dfdfddfmed-300x225.jpg\" alt=\"dfdfddfmed\" width=\"300\" height=\"225\" srcset=\"https:\/\/www.pzwnarew.pl\/wp-content\/uploads\/2016\/11\/dfdfddfmed-300x225.jpg 300w, https:\/\/www.pzwnarew.pl\/wp-content\/uploads\/2016\/11\/dfdfddfmed.jpg 879w\" sizes=\"auto, (max-width: 300px) 100vw, 300px\" \/><\/a><\/p>\n","protected":false},"excerpt":{"rendered":"<p>W poniedzia\u0142ek 21 listopada\u00a0 br. w godzinach popo\u0142udniowych w Klubie Garnizonowym Jednostki Wojskowej w Komorowie k\/Ostrowi Mazowieckiej odby\u0142o si\u0119 spotkanie instrukta\u017cowe przedstawicieli k\u00f3\u0142\u00a0 z p\u00f3\u0142nocno-wschodniego rejonu\u00a0Okr\u0119gu Mazowieckiego\u00a0PZW. W spotkaniu z w\u0142adzami okr\u0119gu wzi\u0119li udzia\u0142\u00a0 Prezesi,\u00a0Skarbnicy, Przewodnicz\u0105cy Komisji Rewizyjnych K\u00f3\u0142\u00a0 oraz osoby odpowiedzialne za rozprowadzanie znak\u00f3w i zezwole\u0144 na 2017 rok w schroniskach i stanicach w\u0119dkarskich. W\u0142adze Okr\u0119gu Mazowieckiego reprezentowali: prezes zarz\u0105du Zbigniew Bedy\u0144ski,\u00a0 wiceprezes ds. organizacyjnych i promocji Miros\u0142aw Konopka, wiceprezes ds.zagospodarowania i ochrony w\u00f3d Marek Roszkiewicz, wiceprezes ds. sportu&#8230;<\/p>\n<p class=\"read-more\"><a class=\"btn btn-default\" href=\"https:\/\/www.pzwnarew.pl\/?p=6970\"> Read More<span class=\"screen-reader-text\">  Read More<\/span><\/a><\/p>\n","protected":false},"author":2,"featured_media":0,"comment_status":"open","ping_status":"closed","sticky":false,"template":"","format":"standard","meta":{"footnotes":""},"categories":[20],"tags":[],"class_list":["post-6970","post","type-post","status-publish","format-standard","hentry","category-newsy"],"_links":{"self":[{"href":"https:\/\/www.pzwnarew.pl\/index.php?rest_route=\/wp\/v2\/posts\/6970","targetHints":{"allow":["GET"]}}],"collection":[{"href":"https:\/\/www.pzwnarew.pl\/index.php?rest_route=\/wp\/v2\/posts"}],"about":[{"href":"https:\/\/www.pzwnarew.pl\/index.php?rest_route=\/wp\/v2\/types\/post"}],"author":[{"embeddable":true,"href":"https:\/\/www.pzwnarew.pl\/index.php?rest_route=\/wp\/v2\/users\/2"}],"replies":[{"embeddable":true,"href":"https:\/\/www.pzwnarew.pl\/index.php?rest_route=%2Fwp%2Fv2%2Fcomments&post=6970"}],"version-history":[{"count":2,"href":"https:\/\/www.pzwnarew.pl\/index.php?rest_route=\/wp\/v2\/posts\/6970\/revisions"}],"predecessor-version":[{"id":6974,"href":"https:\/\/www.pzwnarew.pl\/index.php?rest_route=\/wp\/v2\/posts\/6970\/revisions\/6974"}],"wp:attachment":[{"href":"https:\/\/www.pzwnarew.pl\/index.php?rest_route=%2Fwp%2Fv2%2Fmedia&parent=6970"}],"wp:term":[{"taxonomy":"category","embeddable":true,"href":"https:\/\/www.pzwnarew.pl\/index.php?rest_route=%2Fwp%2Fv2%2Fcategories&post=6970"},{"taxonomy":"post_tag","embeddable":true,"href":"https:\/\/www.pzwnarew.pl\/index.php?rest_route=%2Fwp%2Fv2%2Ftags&post=6970"}],"curies":[{"name":"wp","href":"https:\/\/api.w.org\/{rel}","templated":true}]}}