{"id":6952,"date":"2016-11-21T17:49:22","date_gmt":"2016-11-21T16:49:22","guid":{"rendered":"http:\/\/www.pzwnarew.pl\/?p=6952"},"modified":"2016-11-26T10:20:00","modified_gmt":"2016-11-26T09:20:00","slug":"szczupak-w-omulwi","status":"publish","type":"post","link":"https:\/\/www.pzwnarew.pl\/?p=6952","title":{"rendered":"Szczupaki i karasie w Omulwi"},"content":{"rendered":"<p style=\"text-align: center;\">Kolejny ju\u017c raz w tym roku w\u0119dkarze z ko\u0142a nr 38 PZW NAREW wzi\u0119li udzia\u0142 w zarybianiu. Tym razem w drugiej po\u0142owie listopada <a href=\"http:\/\/www.pzwnarew.pl\/wp-content\/uploads\/2016\/11\/f.jpg\"><img loading=\"lazy\" decoding=\"async\" class=\"alignright size-thumbnail wp-image-6953\" src=\"http:\/\/www.pzwnarew.pl\/wp-content\/uploads\/2016\/11\/f-150x150.jpg\" alt=\"f\" width=\"150\" height=\"150\" \/><\/a>br. wypu\u015bcili\u015bmy do wody Omulwi, 200 kg r\u00f3\u017cnej wielko\u015bci szczupaka oraz kilka dni wcze\u015bniej karasia . Niekt\u00f3re sztuki ju\u017c wiosn\u0105 przekrocz\u0105 regulaminowy wymiar i b\u0119d\u0105 potrafi\u0142y podnie\u015b\u0107 ci\u015bnienie ostro\u0142\u0119ckim w\u0119dkarzom po\u0142ykaj\u0105c zan\u0119t\u0119. Te najmniejsze miejmy nadzieje w ci\u0105gu kilku lat \u017cycia postaraj\u0105 si\u0119 o poprawienie rybostanu, skutecznie ograniczaj\u0105c ilo\u015b\u0107 drobnicy w naszych rzekach, zanim padn\u0105 \u0142upem tych, kt\u00f3rzy nie stosuj\u0105 si\u0119 do zasady z\u0142\u00f3w i wypu\u015b\u0107.<\/p>\n<p>&nbsp;<\/p>\n<p><a href=\"http:\/\/www.pzwnarew.pl\/gallery_pzw\/thumbnails.php?album=234\"><img loading=\"lazy\" decoding=\"async\" class=\"aligncenter size-full wp-image-4190\" src=\"http:\/\/www.pzwnarew.pl\/wp-content\/uploads\/2013\/04\/play-galeria.jpg\" alt=\"play galeria\" width=\"342\" height=\"213\" srcset=\"https:\/\/www.pzwnarew.pl\/wp-content\/uploads\/2013\/04\/play-galeria.jpg 342w, https:\/\/www.pzwnarew.pl\/wp-content\/uploads\/2013\/04\/play-galeria-300x186.jpg 300w\" sizes=\"auto, (max-width: 342px) 100vw, 342px\" \/><\/a><a href=\"https:\/\/www.youtube.com\/watch?v=dkasNfalem4&amp;feature=youtu.be\"><img loading=\"lazy\" decoding=\"async\" class=\"aligncenter size-medium wp-image-6962\" src=\"http:\/\/www.pzwnarew.pl\/wp-content\/uploads\/2016\/11\/karasiem-300x167.jpg\" alt=\"karasiem\" width=\"300\" height=\"167\" srcset=\"https:\/\/www.pzwnarew.pl\/wp-content\/uploads\/2016\/11\/karasiem-300x167.jpg 300w, https:\/\/www.pzwnarew.pl\/wp-content\/uploads\/2016\/11\/karasiem.jpg 850w\" sizes=\"auto, (max-width: 300px) 100vw, 300px\" \/><\/a><a href=\"https:\/\/www.youtube.com\/watch?v=576EFiBU3iU\"><img loading=\"lazy\" decoding=\"async\" class=\"aligncenter size-medium wp-image-6963\" src=\"http:\/\/www.pzwnarew.pl\/wp-content\/uploads\/2016\/11\/szczupakiem-300x167.jpg\" alt=\"szczupakiem\" width=\"300\" height=\"167\" srcset=\"https:\/\/www.pzwnarew.pl\/wp-content\/uploads\/2016\/11\/szczupakiem-300x167.jpg 300w, https:\/\/www.pzwnarew.pl\/wp-content\/uploads\/2016\/11\/szczupakiem.jpg 850w\" sizes=\"auto, (max-width: 300px) 100vw, 300px\" \/><\/a><\/p>\n","protected":false},"excerpt":{"rendered":"<p>Kolejny ju\u017c raz w tym roku w\u0119dkarze z ko\u0142a nr 38 PZW NAREW wzi\u0119li udzia\u0142 w zarybianiu. Tym razem w drugiej po\u0142owie listopada br. wypu\u015bcili\u015bmy do wody Omulwi, 200 kg r\u00f3\u017cnej wielko\u015bci szczupaka oraz kilka dni wcze\u015bniej karasia . Niekt\u00f3re sztuki ju\u017c wiosn\u0105 przekrocz\u0105 regulaminowy wymiar i b\u0119d\u0105 potrafi\u0142y podnie\u015b\u0107 ci\u015bnienie ostro\u0142\u0119ckim w\u0119dkarzom po\u0142ykaj\u0105c zan\u0119t\u0119. Te najmniejsze miejmy nadzieje w ci\u0105gu kilku lat \u017cycia postaraj\u0105 si\u0119 o poprawienie rybostanu, skutecznie ograniczaj\u0105c ilo\u015b\u0107 drobnicy w naszych rzekach, zanim padn\u0105 \u0142upem tych,&#8230;<\/p>\n<p class=\"read-more\"><a class=\"btn btn-default\" href=\"https:\/\/www.pzwnarew.pl\/?p=6952\"> Read More<span class=\"screen-reader-text\">  Read More<\/span><\/a><\/p>\n","protected":false},"author":2,"featured_media":0,"comment_status":"open","ping_status":"closed","sticky":false,"template":"","format":"standard","meta":{"footnotes":""},"categories":[24],"tags":[],"class_list":["post-6952","post","type-post","status-publish","format-standard","hentry","category-ochrona-wod"],"_links":{"self":[{"href":"https:\/\/www.pzwnarew.pl\/index.php?rest_route=\/wp\/v2\/posts\/6952","targetHints":{"allow":["GET"]}}],"collection":[{"href":"https:\/\/www.pzwnarew.pl\/index.php?rest_route=\/wp\/v2\/posts"}],"about":[{"href":"https:\/\/www.pzwnarew.pl\/index.php?rest_route=\/wp\/v2\/types\/post"}],"author":[{"embeddable":true,"href":"https:\/\/www.pzwnarew.pl\/index.php?rest_route=\/wp\/v2\/users\/2"}],"replies":[{"embeddable":true,"href":"https:\/\/www.pzwnarew.pl\/index.php?rest_route=%2Fwp%2Fv2%2Fcomments&post=6952"}],"version-history":[{"count":9,"href":"https:\/\/www.pzwnarew.pl\/index.php?rest_route=\/wp\/v2\/posts\/6952\/revisions"}],"predecessor-version":[{"id":6965,"href":"https:\/\/www.pzwnarew.pl\/index.php?rest_route=\/wp\/v2\/posts\/6952\/revisions\/6965"}],"wp:attachment":[{"href":"https:\/\/www.pzwnarew.pl\/index.php?rest_route=%2Fwp%2Fv2%2Fmedia&parent=6952"}],"wp:term":[{"taxonomy":"category","embeddable":true,"href":"https:\/\/www.pzwnarew.pl\/index.php?rest_route=%2Fwp%2Fv2%2Fcategories&post=6952"},{"taxonomy":"post_tag","embeddable":true,"href":"https:\/\/www.pzwnarew.pl\/index.php?rest_route=%2Fwp%2Fv2%2Ftags&post=6952"}],"curies":[{"name":"wp","href":"https:\/\/api.w.org\/{rel}","templated":true}]}}