{"id":6917,"date":"2016-10-26T20:52:01","date_gmt":"2016-10-26T18:52:01","guid":{"rendered":"http:\/\/www.pzwnarew.pl\/?p=6917"},"modified":"2016-10-26T20:52:01","modified_gmt":"2016-10-26T18:52:01","slug":"termin-wigilii-wedkarskiej","status":"publish","type":"post","link":"https:\/\/www.pzwnarew.pl\/?p=6917","title":{"rendered":"Termin wigilii w\u0119dkarskiej"},"content":{"rendered":"<p>W dniu 26 10.2016 roku na posiedzeniu Zarz\u0105du ko\u0142a Narew 38 ustalono termin wigilii w\u0119dkarskiej na dzien 16 grudnia w restauracji &#8222;Luna Nad Narwi\u0105&#8221; .Zapisy rozpoczynamy w dniu 1 grudnia br. Ponadto Zarz\u0105d ko\u0142a przyja\u0142 uchwa\u0142y dot. finans\u00f3w ko\u0142a oraz relacje z ostatnich imprez . Delegaci na Nadzwyczajny Zjazd Delegat\u00f3w OMPZW zdali relacje z tego\u017c zjazdu i podj\u0119tej uchwa\u0142y dot. po\u0142\u0105czenia z okr\u0119giem \u0142\u00f3dzkim PZW.<\/p>\n<p>&nbsp;<\/p>\n","protected":false},"excerpt":{"rendered":"<p>W dniu 26 10.2016 roku na posiedzeniu Zarz\u0105du ko\u0142a Narew 38 ustalono termin wigilii w\u0119dkarskiej na dzien 16 grudnia w restauracji &#8222;Luna Nad Narwi\u0105&#8221; .Zapisy rozpoczynamy w dniu 1 grudnia br. Ponadto Zarz\u0105d ko\u0142a przyja\u0142 uchwa\u0142y dot. finans\u00f3w ko\u0142a oraz relacje z ostatnich imprez . Delegaci na Nadzwyczajny Zjazd Delegat\u00f3w OMPZW zdali relacje z tego\u017c zjazdu i podj\u0119tej uchwa\u0142y dot. po\u0142\u0105czenia z okr\u0119giem \u0142\u00f3dzkim PZW. &nbsp;<\/p>\n","protected":false},"author":4,"featured_media":0,"comment_status":"open","ping_status":"closed","sticky":false,"template":"","format":"standard","meta":{"footnotes":""},"categories":[20],"tags":[],"class_list":["post-6917","post","type-post","status-publish","format-standard","hentry","category-newsy"],"_links":{"self":[{"href":"https:\/\/www.pzwnarew.pl\/index.php?rest_route=\/wp\/v2\/posts\/6917","targetHints":{"allow":["GET"]}}],"collection":[{"href":"https:\/\/www.pzwnarew.pl\/index.php?rest_route=\/wp\/v2\/posts"}],"about":[{"href":"https:\/\/www.pzwnarew.pl\/index.php?rest_route=\/wp\/v2\/types\/post"}],"author":[{"embeddable":true,"href":"https:\/\/www.pzwnarew.pl\/index.php?rest_route=\/wp\/v2\/users\/4"}],"replies":[{"embeddable":true,"href":"https:\/\/www.pzwnarew.pl\/index.php?rest_route=%2Fwp%2Fv2%2Fcomments&post=6917"}],"version-history":[{"count":1,"href":"https:\/\/www.pzwnarew.pl\/index.php?rest_route=\/wp\/v2\/posts\/6917\/revisions"}],"predecessor-version":[{"id":6918,"href":"https:\/\/www.pzwnarew.pl\/index.php?rest_route=\/wp\/v2\/posts\/6917\/revisions\/6918"}],"wp:attachment":[{"href":"https:\/\/www.pzwnarew.pl\/index.php?rest_route=%2Fwp%2Fv2%2Fmedia&parent=6917"}],"wp:term":[{"taxonomy":"category","embeddable":true,"href":"https:\/\/www.pzwnarew.pl\/index.php?rest_route=%2Fwp%2Fv2%2Fcategories&post=6917"},{"taxonomy":"post_tag","embeddable":true,"href":"https:\/\/www.pzwnarew.pl\/index.php?rest_route=%2Fwp%2Fv2%2Ftags&post=6917"}],"curies":[{"name":"wp","href":"https:\/\/api.w.org\/{rel}","templated":true}]}}