{"id":6906,"date":"2016-10-16T21:32:15","date_gmt":"2016-10-16T19:32:15","guid":{"rendered":"http:\/\/www.pzwnarew.pl\/?p=6906"},"modified":"2016-10-16T21:39:17","modified_gmt":"2016-10-16T19:39:17","slug":"zarybienie-linem","status":"publish","type":"post","link":"https:\/\/www.pzwnarew.pl\/?p=6906","title":{"rendered":"Zarybienie linem"},"content":{"rendered":"<p>W miesi\u0105cu pa\u017adzierniku br. w\u0119dkarze z naszego ko\u0142a PZW Narew brali udzia\u0142 w zarybieniu rzeki Narew oraz <a href=\"http:\/\/www.pzwnarew.pl\/wp-content\/uploads\/2016\/10\/IMG_1216.jpg\"><img loading=\"lazy\" decoding=\"async\" class=\"alignright size-thumbnail wp-image-6907\" src=\"http:\/\/www.pzwnarew.pl\/wp-content\/uploads\/2016\/10\/IMG_1216-150x150.jpg\" alt=\"img_1216\" width=\"150\" height=\"150\" \/><\/a>Omulew. Do Narwi wpuszczono 200 kg narybku Lina oraz 200 kg do rzeki Omulew. Wpuszczone ryby by\u0142y w znakomitej kondycji. Zarybienie odby\u0142o si\u0119 w obecno\u015bci pracownika <span class=\"st\">O\u015brodka Hodowli Ryb z <em>Ostro\u0142\u0119ki<\/em><\/span> . Za 2-3 lata te liny b\u0119d\u0105 rwa\u0107 nie jedn\u0105 \u017cy\u0142k\u0119!\u00a0\u00a0\u00a0\u00a0\u00a0 <!--more--><\/p>\n<p>&nbsp;<\/p>\n<p>&nbsp;<\/p>\n<p><a href=\"http:\/\/www.pzwnarew.pl\/gallery_pzw\/thumbnails.php?album=229\"><img loading=\"lazy\" decoding=\"async\" class=\"aligncenter size-full wp-image-4190\" src=\"http:\/\/www.pzwnarew.pl\/wp-content\/uploads\/2013\/04\/play-galeria.jpg\" alt=\"play galeria\" width=\"342\" height=\"213\" srcset=\"https:\/\/www.pzwnarew.pl\/wp-content\/uploads\/2013\/04\/play-galeria.jpg 342w, https:\/\/www.pzwnarew.pl\/wp-content\/uploads\/2013\/04\/play-galeria-300x186.jpg 300w\" sizes=\"auto, (max-width: 342px) 100vw, 342px\" \/><\/a><\/p>\n","protected":false},"excerpt":{"rendered":"<p>W miesi\u0105cu pa\u017adzierniku br. w\u0119dkarze z naszego ko\u0142a PZW Narew brali udzia\u0142 w zarybieniu rzeki Narew oraz Omulew. Do Narwi wpuszczono 200 kg narybku Lina oraz 200 kg do rzeki Omulew. Wpuszczone ryby by\u0142y w znakomitej kondycji. Zarybienie odby\u0142o si\u0119 w obecno\u015bci pracownika O\u015brodka Hodowli Ryb z Ostro\u0142\u0119ki . Za 2-3 lata te liny b\u0119d\u0105 rwa\u0107 nie jedn\u0105 \u017cy\u0142k\u0119!\u00a0\u00a0\u00a0\u00a0\u00a0<\/p>\n","protected":false},"author":2,"featured_media":0,"comment_status":"open","ping_status":"closed","sticky":false,"template":"","format":"standard","meta":{"footnotes":""},"categories":[20,24],"tags":[],"class_list":["post-6906","post","type-post","status-publish","format-standard","hentry","category-newsy","category-ochrona-wod"],"_links":{"self":[{"href":"https:\/\/www.pzwnarew.pl\/index.php?rest_route=\/wp\/v2\/posts\/6906","targetHints":{"allow":["GET"]}}],"collection":[{"href":"https:\/\/www.pzwnarew.pl\/index.php?rest_route=\/wp\/v2\/posts"}],"about":[{"href":"https:\/\/www.pzwnarew.pl\/index.php?rest_route=\/wp\/v2\/types\/post"}],"author":[{"embeddable":true,"href":"https:\/\/www.pzwnarew.pl\/index.php?rest_route=\/wp\/v2\/users\/2"}],"replies":[{"embeddable":true,"href":"https:\/\/www.pzwnarew.pl\/index.php?rest_route=%2Fwp%2Fv2%2Fcomments&post=6906"}],"version-history":[{"count":2,"href":"https:\/\/www.pzwnarew.pl\/index.php?rest_route=\/wp\/v2\/posts\/6906\/revisions"}],"predecessor-version":[{"id":6909,"href":"https:\/\/www.pzwnarew.pl\/index.php?rest_route=\/wp\/v2\/posts\/6906\/revisions\/6909"}],"wp:attachment":[{"href":"https:\/\/www.pzwnarew.pl\/index.php?rest_route=%2Fwp%2Fv2%2Fmedia&parent=6906"}],"wp:term":[{"taxonomy":"category","embeddable":true,"href":"https:\/\/www.pzwnarew.pl\/index.php?rest_route=%2Fwp%2Fv2%2Fcategories&post=6906"},{"taxonomy":"post_tag","embeddable":true,"href":"https:\/\/www.pzwnarew.pl\/index.php?rest_route=%2Fwp%2Fv2%2Ftags&post=6906"}],"curies":[{"name":"wp","href":"https:\/\/api.w.org\/{rel}","templated":true}]}}