{"id":6837,"date":"2016-09-12T15:15:06","date_gmt":"2016-09-12T13:15:06","guid":{"rendered":"http:\/\/www.pzwnarew.pl\/?p=6837"},"modified":"2016-09-12T21:11:59","modified_gmt":"2016-09-12T19:11:59","slug":"medalowy-piotrus-2","status":"publish","type":"post","link":"https:\/\/www.pzwnarew.pl\/?p=6837","title":{"rendered":"MEDALOWY PIOTRU\u015a"},"content":{"rendered":"<p>W dniu 10.09.2016 w Warszawie na kanale \u017cera\u0144skim odby\u0142y si\u0119 og\u00f3lnopolskie zawody sp\u0142awikowe o memoria\u0142 <a href=\"http:\/\/www.pzwnarew.pl\/wp-content\/uploads\/2016\/09\/P9100457.jpg\"><img loading=\"lazy\" decoding=\"async\" class=\"alignright size-thumbnail wp-image-6830\" src=\"http:\/\/www.pzwnarew.pl\/wp-content\/uploads\/2016\/09\/P9100457-150x150.jpg\" alt=\"OLYMPUS DIGITAL CAMERA\" width=\"150\" height=\"150\" \/><\/a>Stanis\u0142awa Wolickiego.Na zawodach nie zabrak\u0142o te\u017c reprezentant\u00f3w z naszego ko\u0142a Narew 38. <!--more-->Nasi zawodnicy Piotr Terlikowski oraz Sebastian Bazyd\u0142o dzielnie stawili czo\u0142a wysokiej stawce zawodnik\u00f3w o<!--more--> <!--more-->presti\u017cu krajowym.W\u015br\u00f3d zawodnik\u00f3w z ca\u0142ej Polski w kategorii \u00a0junior do lat dwunastu nasz zawodnik Piotr Terlikowski stan\u0105\u0142 na podium zajmuj\u0105c drugie miejsce. Sk\u0142adamy gratulacje dla m\u0142odego zawodnika i \u017cyczymy dalszych sukces\u00f3w. Dzi\u0119kujemy tak\u017ce za sportowa postaw\u0119 Sebastianowi Bazyd\u0142o.<\/p>\n<p><!--more--><\/p>\n<p>Zawodnicy dzi\u0119kuj\u0105 sklepowi w\u0119dkarskiemu LIN, kt\u00f3ry zaopatrzy\u0142 ich w przyn\u0119ty i zan\u0119ty.<\/p>\n<p>Dzi\u0119kujemy opiekunom Pani Ani, Micha\u0142owi i Paw\u0142owi \u00a0oraz super Trenerowi Grzegorzowi.<\/p>\n<p><a href=\"http:\/\/www.pzwnarew.pl\/gallery_pzw\/thumbnails.php?album=225\"><img loading=\"lazy\" decoding=\"async\" class=\"aligncenter size-full wp-image-4190\" src=\"http:\/\/www.pzwnarew.pl\/wp-content\/uploads\/2013\/04\/play-galeria.jpg\" alt=\"play galeria\" width=\"342\" height=\"213\" srcset=\"https:\/\/www.pzwnarew.pl\/wp-content\/uploads\/2013\/04\/play-galeria.jpg 342w, https:\/\/www.pzwnarew.pl\/wp-content\/uploads\/2013\/04\/play-galeria-300x186.jpg 300w\" sizes=\"auto, (max-width: 342px) 100vw, 342px\" \/><\/a><\/p>\n<p>&nbsp;<\/p>\n","protected":false},"excerpt":{"rendered":"<p>W dniu 10.09.2016 w Warszawie na kanale \u017cera\u0144skim odby\u0142y si\u0119 og\u00f3lnopolskie zawody sp\u0142awikowe o memoria\u0142 Stanis\u0142awa Wolickiego.Na zawodach nie zabrak\u0142o te\u017c reprezentant\u00f3w z naszego ko\u0142a Narew 38.<\/p>\n","protected":false},"author":4,"featured_media":0,"comment_status":"open","ping_status":"closed","sticky":false,"template":"","format":"standard","meta":{"footnotes":""},"categories":[20,27],"tags":[],"class_list":["post-6837","post","type-post","status-publish","format-standard","hentry","category-newsy","category-trojna"],"_links":{"self":[{"href":"https:\/\/www.pzwnarew.pl\/index.php?rest_route=\/wp\/v2\/posts\/6837","targetHints":{"allow":["GET"]}}],"collection":[{"href":"https:\/\/www.pzwnarew.pl\/index.php?rest_route=\/wp\/v2\/posts"}],"about":[{"href":"https:\/\/www.pzwnarew.pl\/index.php?rest_route=\/wp\/v2\/types\/post"}],"author":[{"embeddable":true,"href":"https:\/\/www.pzwnarew.pl\/index.php?rest_route=\/wp\/v2\/users\/4"}],"replies":[{"embeddable":true,"href":"https:\/\/www.pzwnarew.pl\/index.php?rest_route=%2Fwp%2Fv2%2Fcomments&post=6837"}],"version-history":[{"count":4,"href":"https:\/\/www.pzwnarew.pl\/index.php?rest_route=\/wp\/v2\/posts\/6837\/revisions"}],"predecessor-version":[{"id":6841,"href":"https:\/\/www.pzwnarew.pl\/index.php?rest_route=\/wp\/v2\/posts\/6837\/revisions\/6841"}],"wp:attachment":[{"href":"https:\/\/www.pzwnarew.pl\/index.php?rest_route=%2Fwp%2Fv2%2Fmedia&parent=6837"}],"wp:term":[{"taxonomy":"category","embeddable":true,"href":"https:\/\/www.pzwnarew.pl\/index.php?rest_route=%2Fwp%2Fv2%2Fcategories&post=6837"},{"taxonomy":"post_tag","embeddable":true,"href":"https:\/\/www.pzwnarew.pl\/index.php?rest_route=%2Fwp%2Fv2%2Ftags&post=6837"}],"curies":[{"name":"wp","href":"https:\/\/api.w.org\/{rel}","templated":true}]}}