{"id":6792,"date":"2016-08-27T13:22:05","date_gmt":"2016-08-27T11:22:05","guid":{"rendered":"http:\/\/www.pzwnarew.pl\/?p=6792"},"modified":"2016-08-27T16:00:45","modified_gmt":"2016-08-27T14:00:45","slug":"rekordowy-karp-z-narwi","status":"publish","type":"post","link":"https:\/\/www.pzwnarew.pl\/?p=6792","title":{"rendered":"REKORDOWY KARP Z NARWI"},"content":{"rendered":"<p>W dniu 26 bm. Micha\u0142 Bednarczyk w\u0119dkarz z naszego ko\u0142a z\u0142owi\u0142 w Narwi karpia d\u0142ugo\u015bci 76 cm i wagi blisko 10 <a href=\"http:\/\/www.pzwnarew.pl\/wp-content\/uploads\/2016\/08\/20160826_174613-crop.jpg\"><img loading=\"lazy\" decoding=\"async\" class=\"alignright size-thumbnail wp-image-6793\" src=\"http:\/\/www.pzwnarew.pl\/wp-content\/uploads\/2016\/08\/20160826_174613-crop-150x150.jpg\" alt=\"20160826_174613-crop\" width=\"150\" height=\"150\" \/><\/a>kilogram\u00f3w. Ryba zosta\u0142a po zmierzeniu wypuszczona do Narwi .<!--more-->\u00a0Szcz\u0119\u015bliwy \u0142owca o\u015bwiadczy\u0142. \u017ce jest to jego pierwszy karp w \u017cyciu, karpia wypu\u015bci\u0142 powodowany si\u0142\u0105 i waleczno\u015bci\u0105 tej ryby (my\u015bla\u0142 \u017ce holuje suma) i swojego kunsztu w\u0119dkarskiego , poniewa\u017c wyholowa\u0142 ryb\u0119 na przypon nr 0,18 ( koiso-kamatsu).<\/p>\n<p>\u0141owca karpia zadeklarowa\u0142 zg\u0142oszenie ryby do \u0142owc\u00f3w okaz\u00f3w.\u00a0 <!--more--><\/p>\n<p>&nbsp;<\/p>\n<p><a href=\"https:\/\/www.youtube.com\/watch?v=L0ceA346m_A\"><img loading=\"lazy\" decoding=\"async\" class=\"alignleft size-full wp-image-4519\" src=\"http:\/\/www.pzwnarew.pl\/wp-content\/uploads\/2013\/06\/beznazwy.png\" alt=\"film\" width=\"170\" height=\"151\" \/><\/a><\/p>\n<p><a href=\"http:\/\/www.pzwnarew.pl\/wp-content\/uploads\/2016\/01\/1karp.jpg\"><img loading=\"lazy\" decoding=\"async\" class=\"aligncenter size-medium wp-image-6788\" src=\"http:\/\/www.pzwnarew.pl\/wp-content\/uploads\/2016\/01\/1karp-300x225.jpg\" alt=\"1karp\" width=\"300\" height=\"225\" srcset=\"https:\/\/www.pzwnarew.pl\/wp-content\/uploads\/2016\/01\/1karp-300x225.jpg 300w, https:\/\/www.pzwnarew.pl\/wp-content\/uploads\/2016\/01\/1karp.jpg 960w\" sizes=\"auto, (max-width: 300px) 100vw, 300px\" \/><\/a><\/p>\n<p>&nbsp;<\/p>\n","protected":false},"excerpt":{"rendered":"<p>W dniu 26 bm. Micha\u0142 Bednarczyk w\u0119dkarz z naszego ko\u0142a z\u0142owi\u0142 w Narwi karpia d\u0142ugo\u015bci 76 cm i wagi blisko 10 kilogram\u00f3w. Ryba zosta\u0142a po zmierzeniu wypuszczona do Narwi .<\/p>\n","protected":false},"author":4,"featured_media":0,"comment_status":"open","ping_status":"closed","sticky":false,"template":"","format":"standard","meta":{"footnotes":""},"categories":[20],"tags":[],"class_list":["post-6792","post","type-post","status-publish","format-standard","hentry","category-newsy"],"_links":{"self":[{"href":"https:\/\/www.pzwnarew.pl\/index.php?rest_route=\/wp\/v2\/posts\/6792","targetHints":{"allow":["GET"]}}],"collection":[{"href":"https:\/\/www.pzwnarew.pl\/index.php?rest_route=\/wp\/v2\/posts"}],"about":[{"href":"https:\/\/www.pzwnarew.pl\/index.php?rest_route=\/wp\/v2\/types\/post"}],"author":[{"embeddable":true,"href":"https:\/\/www.pzwnarew.pl\/index.php?rest_route=\/wp\/v2\/users\/4"}],"replies":[{"embeddable":true,"href":"https:\/\/www.pzwnarew.pl\/index.php?rest_route=%2Fwp%2Fv2%2Fcomments&post=6792"}],"version-history":[{"count":4,"href":"https:\/\/www.pzwnarew.pl\/index.php?rest_route=\/wp\/v2\/posts\/6792\/revisions"}],"predecessor-version":[{"id":6797,"href":"https:\/\/www.pzwnarew.pl\/index.php?rest_route=\/wp\/v2\/posts\/6792\/revisions\/6797"}],"wp:attachment":[{"href":"https:\/\/www.pzwnarew.pl\/index.php?rest_route=%2Fwp%2Fv2%2Fmedia&parent=6792"}],"wp:term":[{"taxonomy":"category","embeddable":true,"href":"https:\/\/www.pzwnarew.pl\/index.php?rest_route=%2Fwp%2Fv2%2Fcategories&post=6792"},{"taxonomy":"post_tag","embeddable":true,"href":"https:\/\/www.pzwnarew.pl\/index.php?rest_route=%2Fwp%2Fv2%2Ftags&post=6792"}],"curies":[{"name":"wp","href":"https:\/\/api.w.org\/{rel}","templated":true}]}}