{"id":6716,"date":"2016-08-05T11:40:20","date_gmt":"2016-08-05T09:40:20","guid":{"rendered":"http:\/\/www.pzwnarew.pl\/?p=6716"},"modified":"2016-08-05T16:12:42","modified_gmt":"2016-08-05T14:12:42","slug":"spotkanie-robocze-spolecznej-strazy-rybackiej","status":"publish","type":"post","link":"https:\/\/www.pzwnarew.pl\/?p=6716","title":{"rendered":"SPOTKANIE ROBOCZE SPO\u0141ECZNEJ STRA\u017bY RYBACKIEJ"},"content":{"rendered":"<p>&nbsp;<\/p>\n<p style=\"text-align: left;\">W dniu 04 sierpnie br w biurze OM PZW w Ostro\u0142\u0119ce odby\u0142o si\u0119 spotkanie robocze Prezesa Zbigniewa Bedy\u0144skiego <a href=\"http:\/\/www.pzwnarew.pl\/wp-content\/uploads\/2016\/08\/13902758_633116600184405_695263308183305146_n.jpg\"><img loading=\"lazy\" decoding=\"async\" class=\"alignright size-thumbnail wp-image-6718\" src=\"http:\/\/www.pzwnarew.pl\/wp-content\/uploads\/2016\/08\/13902758_633116600184405_695263308183305146_n-150x150.jpg\" alt=\"13902758_633116600184405_695263308183305146_n\" width=\"150\" height=\"150\" \/><\/a>z nowo powo\u0142anym Komendantem Powiatowym Spo\u0142ecznej Stra\u017cy Rybackiej w Ostro\u0142\u0119ce Januszem Gumkowski oraz przedstawicielami Zarz\u0105d\u00f3w k\u00f3\u0142 Narew 38 i Kie\u0142bik 60 Na spotkanie zaproszono r\u00f3wnie\u017c Komendanta Pa\u0144stwowej <!--more-->Stra\u017cy Rybackiej z posterunku w Ostro\u0142\u0119ce Rafa\u0142a Wojtkowiaka .Om\u00f3wiono nowy harmonogram dzia\u0142ania poszczeg\u00f3lnych grup oraz sposoby koordynacji patroli .<!--more--><\/p>\n<p>&nbsp;<\/p>\n<p><a href=\"http:\/\/www.pzwnarew.pl\/wp-content\/uploads\/2016\/08\/13872912_633116646851067_3763208051774536987_n.jpg\"><img loading=\"lazy\" decoding=\"async\" class=\"alignleft size-medium wp-image-6717\" src=\"http:\/\/www.pzwnarew.pl\/wp-content\/uploads\/2016\/08\/13872912_633116646851067_3763208051774536987_n-300x225.jpg\" alt=\"13872912_633116646851067_3763208051774536987_n\" width=\"300\" height=\"225\" srcset=\"https:\/\/www.pzwnarew.pl\/wp-content\/uploads\/2016\/08\/13872912_633116646851067_3763208051774536987_n-300x225.jpg 300w, https:\/\/www.pzwnarew.pl\/wp-content\/uploads\/2016\/08\/13872912_633116646851067_3763208051774536987_n.jpg 960w\" sizes=\"auto, (max-width: 300px) 100vw, 300px\" \/><\/a><\/p>\n","protected":false},"excerpt":{"rendered":"<p>&nbsp; W dniu 04 sierpnie br w biurze OM PZW w Ostro\u0142\u0119ce odby\u0142o si\u0119 spotkanie robocze Prezesa Zbigniewa Bedy\u0144skiego z nowo powo\u0142anym Komendantem Powiatowym Spo\u0142ecznej Stra\u017cy Rybackiej w Ostro\u0142\u0119ce Januszem Gumkowski oraz przedstawicielami Zarz\u0105d\u00f3w k\u00f3\u0142 Narew 38 i Kie\u0142bik 60 Na spotkanie zaproszono r\u00f3wnie\u017c Komendanta Pa\u0144stwowej<\/p>\n","protected":false},"author":4,"featured_media":0,"comment_status":"open","ping_status":"closed","sticky":false,"template":"","format":"standard","meta":{"footnotes":""},"categories":[20,24],"tags":[],"class_list":["post-6716","post","type-post","status-publish","format-standard","hentry","category-newsy","category-ochrona-wod"],"_links":{"self":[{"href":"https:\/\/www.pzwnarew.pl\/index.php?rest_route=\/wp\/v2\/posts\/6716","targetHints":{"allow":["GET"]}}],"collection":[{"href":"https:\/\/www.pzwnarew.pl\/index.php?rest_route=\/wp\/v2\/posts"}],"about":[{"href":"https:\/\/www.pzwnarew.pl\/index.php?rest_route=\/wp\/v2\/types\/post"}],"author":[{"embeddable":true,"href":"https:\/\/www.pzwnarew.pl\/index.php?rest_route=\/wp\/v2\/users\/4"}],"replies":[{"embeddable":true,"href":"https:\/\/www.pzwnarew.pl\/index.php?rest_route=%2Fwp%2Fv2%2Fcomments&post=6716"}],"version-history":[{"count":5,"href":"https:\/\/www.pzwnarew.pl\/index.php?rest_route=\/wp\/v2\/posts\/6716\/revisions"}],"predecessor-version":[{"id":6723,"href":"https:\/\/www.pzwnarew.pl\/index.php?rest_route=\/wp\/v2\/posts\/6716\/revisions\/6723"}],"wp:attachment":[{"href":"https:\/\/www.pzwnarew.pl\/index.php?rest_route=%2Fwp%2Fv2%2Fmedia&parent=6716"}],"wp:term":[{"taxonomy":"category","embeddable":true,"href":"https:\/\/www.pzwnarew.pl\/index.php?rest_route=%2Fwp%2Fv2%2Fcategories&post=6716"},{"taxonomy":"post_tag","embeddable":true,"href":"https:\/\/www.pzwnarew.pl\/index.php?rest_route=%2Fwp%2Fv2%2Ftags&post=6716"}],"curies":[{"name":"wp","href":"https:\/\/api.w.org\/{rel}","templated":true}]}}