{"id":6691,"date":"2016-07-22T22:05:58","date_gmt":"2016-07-22T20:05:58","guid":{"rendered":"http:\/\/www.pzwnarew.pl\/?p=6691"},"modified":"2016-07-22T22:05:58","modified_gmt":"2016-07-22T20:05:58","slug":"nowy-komendant-spolecznej-strazy-rybackiej-2","status":"publish","type":"post","link":"https:\/\/www.pzwnarew.pl\/?p=6691","title":{"rendered":"Nowy Komendant Spo\u0142ecznej Stra\u017cy Rybackiej"},"content":{"rendered":"<p><span class=\"art_tresc\">Janusz Gumkowski pe\u0142ni od 15 lipca br. funkcj\u0119 Komendanta Spo\u0142ecznej Stra\u017cy Rybackiej powiatu ostro\u0142\u0119ckiego. <a href=\"http:\/\/www.pzwnarew.pl\/wp-content\/uploads\/2016\/07\/gumko.jpg\"><img loading=\"lazy\" decoding=\"async\" class=\"alignright size-thumbnail wp-image-6692\" src=\"http:\/\/www.pzwnarew.pl\/wp-content\/uploads\/2016\/07\/gumko-150x150.jpg\" alt=\"gumko\" width=\"150\" height=\"150\" \/><\/a>Nominacj\u0119 otrzyma\u0142 z r\u0105k starosty ostro\u0142\u0119ckiego na <span id=\"akon_nsitsp_1\">wniosek<\/span> Zarz\u0105du Okr\u0119gu Mazowieckiego PZW i zast\u0105pi\u0142 na tym stanowisku Rafa\u0142a Wojtkowiaka kt\u00f3ry od dnia 1 czerwca pe\u0142ni funkcj\u0119 Komendanta Pa\u0144stwowej Stra\u017cy Rybackiej w Ostro\u0142\u0119ce.<\/p>\n<p>Janusz Gumkowski pe\u0142ni\u0142 dotychczas funkcj\u0119 stra\u017cnika Spo\u0142ecznej Stra\u017cy Rybackie przy kole PZW Narew 38<\/p>\n<p>\u017byczymy kolegom z naszego ko\u0142a PZW Narew sukces\u00f3w na niwie ochrony w\u00f3d. Liczymy na sprawn\u0105 <span id=\"akon_nsitsp_3\">organizacj\u0119<\/span> s\u0142u\u017cby patrolowej SSR oraz PSR na terenie powiatu ostro\u0142\u0119ckiego.<br \/>\n<\/span><\/p>\n","protected":false},"excerpt":{"rendered":"<p>Janusz Gumkowski pe\u0142ni od 15 lipca br. funkcj\u0119 Komendanta Spo\u0142ecznej Stra\u017cy Rybackiej powiatu ostro\u0142\u0119ckiego. Nominacj\u0119 otrzyma\u0142 z r\u0105k starosty ostro\u0142\u0119ckiego na wniosek Zarz\u0105du Okr\u0119gu Mazowieckiego PZW i zast\u0105pi\u0142 na tym stanowisku Rafa\u0142a Wojtkowiaka kt\u00f3ry od dnia 1 czerwca pe\u0142ni funkcj\u0119 Komendanta Pa\u0144stwowej Stra\u017cy Rybackiej w Ostro\u0142\u0119ce. Janusz Gumkowski pe\u0142ni\u0142 dotychczas funkcj\u0119 stra\u017cnika Spo\u0142ecznej Stra\u017cy Rybackie przy kole PZW Narew 38 \u017byczymy kolegom z naszego ko\u0142a PZW Narew sukces\u00f3w na niwie ochrony w\u00f3d. Liczymy na sprawn\u0105 organizacj\u0119 s\u0142u\u017cby patrolowej SSR oraz&#8230;<\/p>\n<p class=\"read-more\"><a class=\"btn btn-default\" href=\"https:\/\/www.pzwnarew.pl\/?p=6691\"> Read More<span class=\"screen-reader-text\">  Read More<\/span><\/a><\/p>\n","protected":false},"author":2,"featured_media":0,"comment_status":"open","ping_status":"closed","sticky":false,"template":"","format":"standard","meta":{"footnotes":""},"categories":[20,24],"tags":[],"class_list":["post-6691","post","type-post","status-publish","format-standard","hentry","category-newsy","category-ochrona-wod"],"_links":{"self":[{"href":"https:\/\/www.pzwnarew.pl\/index.php?rest_route=\/wp\/v2\/posts\/6691","targetHints":{"allow":["GET"]}}],"collection":[{"href":"https:\/\/www.pzwnarew.pl\/index.php?rest_route=\/wp\/v2\/posts"}],"about":[{"href":"https:\/\/www.pzwnarew.pl\/index.php?rest_route=\/wp\/v2\/types\/post"}],"author":[{"embeddable":true,"href":"https:\/\/www.pzwnarew.pl\/index.php?rest_route=\/wp\/v2\/users\/2"}],"replies":[{"embeddable":true,"href":"https:\/\/www.pzwnarew.pl\/index.php?rest_route=%2Fwp%2Fv2%2Fcomments&post=6691"}],"version-history":[{"count":1,"href":"https:\/\/www.pzwnarew.pl\/index.php?rest_route=\/wp\/v2\/posts\/6691\/revisions"}],"predecessor-version":[{"id":6693,"href":"https:\/\/www.pzwnarew.pl\/index.php?rest_route=\/wp\/v2\/posts\/6691\/revisions\/6693"}],"wp:attachment":[{"href":"https:\/\/www.pzwnarew.pl\/index.php?rest_route=%2Fwp%2Fv2%2Fmedia&parent=6691"}],"wp:term":[{"taxonomy":"category","embeddable":true,"href":"https:\/\/www.pzwnarew.pl\/index.php?rest_route=%2Fwp%2Fv2%2Fcategories&post=6691"},{"taxonomy":"post_tag","embeddable":true,"href":"https:\/\/www.pzwnarew.pl\/index.php?rest_route=%2Fwp%2Fv2%2Ftags&post=6691"}],"curies":[{"name":"wp","href":"https:\/\/api.w.org\/{rel}","templated":true}]}}