{"id":669,"date":"2008-04-19T15:39:55","date_gmt":"2008-04-19T14:39:55","guid":{"rendered":"http:\/\/www.ostroleka.com.pl\/pzw-narew38\/?p=669"},"modified":"2011-03-21T08:56:49","modified_gmt":"2011-03-21T07:56:49","slug":"669","status":"publish","type":"post","link":"https:\/\/www.pzwnarew.pl\/?p=669","title":{"rendered":"Jubileuszowe V Mistrzostwa Morskie &#8211; 2008"},"content":{"rendered":"<p><strong><a href=\"http:\/\/www.ostroleka.com.pl\/pzw-narew38\/wp-content\/uploads\/2008\/04\/morski_2008_03.jpg\"><img loading=\"lazy\" decoding=\"async\" class=\"alignleft size-thumbnail wp-image-674\" title=\"morski_2008_03\" src=\"http:\/\/www.ostroleka.com.pl\/pzw-narew38\/wp-content\/uploads\/2008\/04\/morski_2008_03-150x150.jpg\" alt=\"\" width=\"150\" height=\"150\" \/><\/a>Uczestnicy jubileuszowego wyjazdu nad morze &#8211; ju\u017c pi\u0105tej takiej wycieczki &#8211; nie przestraszyli si\u0119 czarnych prognoz meteorolog\u00f3w, kt\u00f3rzy zapowiadali 6 stopni w skali Beauforta. Wyruszyli na morze z portu w \u0141ebie na dw\u00f3ch kutrach &#8222;Rybce&#8221; i &#8222;Morsie II&#8221;.<\/strong><\/p>\n<p>Pogoda dopisa\u0142a. Pi\u0119kne s\u0142o\u0144ce, wiatr wiej\u0105cy na czw\u00f3rk\u0119 sprzyja\u0142y opalaniu twarzy oraz walce w\u0119dkarskiej. Nikogo nie powali\u0142a choroba morska, co wr\u00f3\u017cy, \u017ce mamy coraz lepiej zahartowanych &#8222;wilk\u00f3w morskich&#8221;. W wycieczce uczestniczy\u0142y tak\u017ce kobiety, kt\u00f3re doskonale poradzi\u0142y sobie z morskimi warunkami.<!--more--><\/p>\n<p><a href=\"http:\/\/www.ostroleka.com.pl\/pzw-narew38\/wp-content\/uploads\/2008\/04\/morski_2008_02.jpg\"><img loading=\"lazy\" decoding=\"async\" class=\"alignleft size-thumbnail wp-image-677\" title=\"morski_2008_02\" src=\"http:\/\/www.ostroleka.com.pl\/pzw-narew38\/wp-content\/uploads\/2008\/04\/morski_2008_02-150x150.jpg\" alt=\"\" width=\"150\" height=\"150\" \/><\/a><a href=\"http:\/\/www.ostroleka.com.pl\/pzw-narew38\/wp-content\/uploads\/2008\/04\/morski_2008_01.jpg\"><img loading=\"lazy\" decoding=\"async\" class=\"alignright size-thumbnail wp-image-678\" title=\"morski_2008_01\" src=\"http:\/\/www.ostroleka.com.pl\/pzw-narew38\/wp-content\/uploads\/2008\/04\/morski_2008_01-150x150.jpg\" alt=\"\" width=\"150\" height=\"150\" \/><\/a>Wycieczkowicze mogli oddawa\u0107 si\u0119 &#8222;jodowym&#8221; spacerom na pla\u017cy i podziwia\u0107 unikalne wydmy nieopodal \u0141eby.<br \/>\nUczestnicy Mistrzostw Morskich walczyli w trzech kategoriach: junior\u00f3w, kobiet i senior\u00f3w. Kilku zawodnik\u00f3w z\u0142apa\u0142o \u0142adne okazy.<\/p>\n<p>Oficjalne wyniki mistrzostw:<\/p>\n<table border=\"1\" cellspacing=\"0\" cellpadding=\"0\">\n<tbody>\n<tr>\n<td width=\"6%\" align=\"center\">\n<p style=\"margin-top: 0; margin-bottom: 0;\">\u00a0<\/p>\n<\/td>\n<td align=\"center\">\n<p style=\"margin-top: 0; margin-bottom: 0;\"><strong>Seniorzy<\/strong><\/p>\n<\/td>\n<td align=\"center\">\n<p style=\"margin-top: 0; margin-bottom: 0;\"><strong>Kobiety<\/strong><\/p>\n<\/td>\n<td align=\"center\">\n<p style=\"margin-top: 0; margin-bottom: 0;\"><strong>Juniorzy<\/strong><\/p>\n<\/td>\n<\/tr>\n<tr>\n<td width=\"6%\" align=\"center\">\n<p style=\"margin-top: 0; margin-bottom: 0;\">1<\/p>\n<\/td>\n<td>\n<p style=\"margin-top: 0; margin-bottom: 0;\">Marek G\u0105ska\u00a0<\/p>\n<\/td>\n<td>\n<p style=\"margin-top: 0; margin-bottom: 0;\">Katarzyna Kamionowska\u00a0<\/p>\n<\/td>\n<td>\n<p style=\"margin-top: 0; margin-bottom: 0;\">Marcin G\u0105ska\u00a0<\/p>\n<\/td>\n<\/tr>\n<tr>\n<td width=\"6%\" align=\"center\">\n<p style=\"margin-top: 0; margin-bottom: 0;\">2<\/p>\n<\/td>\n<td>\n<p style=\"margin-top: 0; margin-bottom: 0;\">Mariusz Same\u0142ko\u00a0<\/p>\n<\/td>\n<td>\n<p style=\"margin-top: 0; margin-bottom: 0;\">Ewa Michalska\u00a0<\/p>\n<\/td>\n<td>\n<p style=\"margin-top: 0; margin-bottom: 0;\">Arkadiusz J\u00f3zwik\u00a0<\/p>\n<\/td>\n<\/tr>\n<tr>\n<td width=\"6%\" align=\"center\">\n<p style=\"margin-top: 0; margin-bottom: 0;\">3<\/p>\n<\/td>\n<td>\n<p style=\"margin-top: 0; margin-bottom: 0;\">Grzegorz Tyszka\u00a0<\/p>\n<\/td>\n<td>\n<p style=\"margin-top: 0; margin-bottom: 0;\">Teresa Bry\u0142a\u00a0<\/p>\n<\/td>\n<td>\n<p style=\"margin-top: 0; margin-bottom: 0;\">\u00a0<\/p>\n<\/td>\n<\/tr>\n<tr>\n<td width=\"6%\" align=\"center\">\n<p style=\"margin-top: 0; margin-bottom: 0;\">4<\/p>\n<\/td>\n<td>\n<p style=\"margin-top: 0; margin-bottom: 0;\">Marek Gawkowski\u00a0<\/p>\n<\/td>\n<td>\n<p style=\"margin-top: 0; margin-bottom: 0;\">\u00a0<\/p>\n<\/td>\n<td>\n<p style=\"margin-top: 0; margin-bottom: 0;\">\u00a0<\/p>\n<\/td>\n<\/tr>\n<tr>\n<td width=\"6%\" align=\"center\">\n<p style=\"margin-top: 0; margin-bottom: 0;\">5<\/p>\n<\/td>\n<td>\n<p style=\"margin-top: 0; margin-bottom: 0;\">Wojciech<br \/>\nNabia\u0142ek\u00a0<\/p>\n<\/td>\n<td>\n<p style=\"margin-top: 0; margin-bottom: 0;\">\u00a0<\/p>\n<\/td>\n<td>\n<p style=\"margin-top: 0; margin-bottom: 0;\">\u00a0<\/p>\n<\/td>\n<\/tr>\n<tr>\n<td width=\"6%\" align=\"center\">\n<p style=\"margin-top: 0; margin-bottom: 0;\">6<\/p>\n<\/td>\n<td>\n<p style=\"margin-top: 0; margin-bottom: 0;\">Piotr Meszy\u0144ski\u00a0<\/p>\n<\/td>\n<td>\n<p style=\"margin-top: 0; margin-bottom: 0;\">\u00a0<\/p>\n<\/td>\n<td>\n<p style=\"margin-top: 0; margin-bottom: 0;\">\u00a0<\/p>\n<\/td>\n<\/tr>\n<tr>\n<td width=\"6%\" align=\"center\">\n<p style=\"margin-top: 0; margin-bottom: 0;\">7<\/p>\n<\/td>\n<td>\n<p style=\"margin-top: 0; margin-bottom: 0;\">Zbigniew Lis\u00a0<\/p>\n<\/td>\n<td>\n<p style=\"margin-top: 0; margin-bottom: 0;\">\u00a0<\/p>\n<\/td>\n<td>\n<p style=\"margin-top: 0; margin-bottom: 0;\">\u00a0<\/p>\n<\/td>\n<\/tr>\n<tr>\n<td width=\"6%\" align=\"center\">\n<p style=\"margin-top: 0; margin-bottom: 0;\">8<\/p>\n<\/td>\n<td>\n<p style=\"margin-top: 0; margin-bottom: 0;\">Robert Kapu\u015bci\u0144ski\u00a0<\/p>\n<\/td>\n<td>\n<p style=\"margin-top: 0; margin-bottom: 0;\">\u00a0<\/p>\n<\/td>\n<td>\n<p style=\"margin-top: 0; margin-bottom: 0;\">\u00a0<\/p>\n<\/td>\n<\/tr>\n<tr>\n<td width=\"6%\" align=\"center\">\n<p style=\"margin-top: 0; margin-bottom: 0;\">9<\/p>\n<\/td>\n<td>\n<p style=\"margin-top: 0; margin-bottom: 0;\">Norbert Garbowski\u00a0<\/p>\n<\/td>\n<td>\n<p style=\"margin-top: 0; margin-bottom: 0;\">\u00a0<\/p>\n<\/td>\n<td>\n<p style=\"margin-top: 0; margin-bottom: 0;\">\u00a0<\/p>\n<\/td>\n<\/tr>\n<tr>\n<td width=\"6%\" align=\"center\">\n<p style=\"margin-top: 0; margin-bottom: 0;\">10<\/p>\n<\/td>\n<td>\n<p style=\"margin-top: 0; margin-bottom: 0;\">Mateusz Baku\u0142a\u00a0<\/p>\n<\/td>\n<td>\n<p style=\"margin-top: 0; margin-bottom: 0;\">\u00a0<\/p>\n<\/td>\n<td>\n<p style=\"margin-top: 0; margin-bottom: 0;\">\u00a0<\/p>\n<\/td>\n<\/tr>\n<\/tbody>\n<\/table>\n<p>Dzi\u0119kujemy wszystkim uczestnikom i zapraszamy na nast\u0119pne nasze imprezy.<\/p>\n<p style=\"text-align: right;\">Zarz\u0105d Ko\u0142a &#8222;NAREW&#8221;<\/p>\n<p style=\"text-align: center;\"><a href=\"http:\/\/www.ostroleka.com.pl\/gallery_pzw\/thumbnails.php?album=51\" target=\"_blank\">Wi\u0119cej zdj\u0119\u0107 z zawod\u00f3w w galerii &gt;&gt;<\/a><\/p>\n","protected":false},"excerpt":{"rendered":"<p>Uczestnicy jubileuszowego wyjazdu nad morze &#8211; ju\u017c pi\u0105tej takiej wycieczki &#8211; nie przestraszyli si\u0119 czarnych prognoz meteorolog\u00f3w, kt\u00f3rzy zapowiadali 6 stopni w skali Beauforta. Wyruszyli na morze z portu w \u0141ebie na dw\u00f3ch kutrach &#8222;Rybce&#8221; i &#8222;Morsie II&#8221;. Pogoda dopisa\u0142a. Pi\u0119kne s\u0142o\u0144ce, wiatr wiej\u0105cy na czw\u00f3rk\u0119 sprzyja\u0142y opalaniu twarzy oraz walce w\u0119dkarskiej. Nikogo nie powali\u0142a choroba morska, co wr\u00f3\u017cy, \u017ce mamy coraz lepiej zahartowanych &#8222;wilk\u00f3w morskich&#8221;. W wycieczce uczestniczy\u0142y tak\u017ce kobiety, kt\u00f3re doskonale poradzi\u0142y sobie z morskimi warunkami.<\/p>\n","protected":false},"author":1,"featured_media":0,"comment_status":"closed","ping_status":"closed","sticky":false,"template":"","format":"standard","meta":{"footnotes":""},"categories":[20,17],"tags":[],"class_list":["post-669","post","type-post","status-publish","format-standard","hentry","category-newsy","category-imprezy"],"_links":{"self":[{"href":"https:\/\/www.pzwnarew.pl\/index.php?rest_route=\/wp\/v2\/posts\/669","targetHints":{"allow":["GET"]}}],"collection":[{"href":"https:\/\/www.pzwnarew.pl\/index.php?rest_route=\/wp\/v2\/posts"}],"about":[{"href":"https:\/\/www.pzwnarew.pl\/index.php?rest_route=\/wp\/v2\/types\/post"}],"author":[{"embeddable":true,"href":"https:\/\/www.pzwnarew.pl\/index.php?rest_route=\/wp\/v2\/users\/1"}],"replies":[{"embeddable":true,"href":"https:\/\/www.pzwnarew.pl\/index.php?rest_route=%2Fwp%2Fv2%2Fcomments&post=669"}],"version-history":[{"count":11,"href":"https:\/\/www.pzwnarew.pl\/index.php?rest_route=\/wp\/v2\/posts\/669\/revisions"}],"predecessor-version":[{"id":671,"href":"https:\/\/www.pzwnarew.pl\/index.php?rest_route=\/wp\/v2\/posts\/669\/revisions\/671"}],"wp:attachment":[{"href":"https:\/\/www.pzwnarew.pl\/index.php?rest_route=%2Fwp%2Fv2%2Fmedia&parent=669"}],"wp:term":[{"taxonomy":"category","embeddable":true,"href":"https:\/\/www.pzwnarew.pl\/index.php?rest_route=%2Fwp%2Fv2%2Fcategories&post=669"},{"taxonomy":"post_tag","embeddable":true,"href":"https:\/\/www.pzwnarew.pl\/index.php?rest_route=%2Fwp%2Fv2%2Ftags&post=669"}],"curies":[{"name":"wp","href":"https:\/\/api.w.org\/{rel}","templated":true}]}}