{"id":6635,"date":"2016-06-05T22:10:37","date_gmt":"2016-06-05T20:10:37","guid":{"rendered":"http:\/\/www.pzwnarew.pl\/?p=6635"},"modified":"2016-06-08T14:26:25","modified_gmt":"2016-06-08T12:26:25","slug":"dzieciece-swieto-w-czerwinie","status":"publish","type":"post","link":"https:\/\/www.pzwnarew.pl\/?p=6635","title":{"rendered":"DZIECI\u0118CE \u015aWI\u0118TO W CZERWINIE"},"content":{"rendered":"<p>Tradycyjnie ju\u017c dzieci swoje \u015bwi\u0119to obchodzi\u0142y podczas festynu zorganizowanego na stawach Czerwi\u0144skiego <a href=\"http:\/\/www.pzwnarew.pl\/wp-content\/uploads\/2016\/06\/41.jpg\"><img loading=\"lazy\" decoding=\"async\" class=\"alignright size-thumbnail wp-image-6636\" src=\"http:\/\/www.pzwnarew.pl\/wp-content\/uploads\/2016\/06\/41-150x150.jpg\" alt=\"41\" width=\"150\" height=\"150\" \/><\/a>Towarzystwa W\u0119dkarskiego \u201cKara\u015b\u201d .<\/p>\n<p>51 ma\u0142ych zawodnik\u00f3w w trzech kategoriach wiekowych walczy\u0142o w zawodach sp\u0142awikowych \u0142owi\u0105c zapami\u0119tale ma\u0142e i du\u017ce karasie.<\/p>\n<p>Cieszymy si\u0119, \u017ce w tym roku tak du\u017ca liczba dzieci i rodzic\u00f3w przyjecha\u0142a na nasz festyn. Podczas zawod\u00f3w rzutowych zorganizowanych przez instruktor\u00f3w ze szk\u00f3\u0142ki \u201cTr\u00f3jka Leszcze\u201d dzieci sprawdzi\u0142y si\u0119 w dyscyplinach rzutowych.<\/p>\n<p>Dzi\u0119kujemy wszystkim uczestnikom, rodzicom oraz ca\u0142ej grupie kilkunastu dzia\u0142aczy z Ko\u0142a Narew za organizacj\u0119 tak fajnej imprezy dla dzieci.\u00a0\u00a0 <!--more--><\/p>\n<p>&nbsp;<\/p>\n<p><strong>Podzi\u0119kowania dla Miros\u0142awa Zalewskiego Prezesa Ko\u0142a W\u0119dkarskiego \u201cKara\u015b\u201d z Czerwina \u00a0 \u00a0 \u00a0 \u00a0 \u00a0 \u00a0 \u00a0 \u00a0 \u00a0 \u00a0 \u00a0 \u00a0 \u00a0 \u00a0 \u00a0 \u00a0 \u00a0 \u00a0 \u00a0 \u00a0 \u00a0 \u00a0 \u00a0 \u00a0 \u00a0 \u00a0 \u00a0 \u00a0 \u00a0 \u00a0 \u00a0 \u00a0 \u00a0 \u00a0 \u00a0 \u00a0 \u00a0 \u00a0 \u00a0 \u00a0 \u00a0 \u00a0 \u00a0 \u00a0 \u00a0 \u00a0 \u00a0 \u00a0 \u00a0 \u00a0 \u00a0 \u00a0 \u00a0 \u00a0 \u00a0 \u00a0 \u00a0 \u00a0 \u00a0 \u00a0 \u00a0 \u00a0<\/strong><\/p>\n<p><strong> PIEKARNIA CUKIERNIA RYCHARSKI<\/strong><\/p>\n<p><strong>Pan ANDRZEJ PSTR\u0104GOWSKI OBR\u00d3BKA DREWNA\u00a0 BOBIN 9 07-407 CZERWIN<\/strong><\/p>\n<p><strong>Delikatesy Delicja Ostro\u0142\u0119ka ul.Sienkiewicza 5<\/strong><\/p>\n<p><strong>Firma Hydro-Monter Szamba ekologiczne Rafa\u0142 Wojtkowiak<\/strong><\/p>\n<p><strong>Sklep W\u0119dkarski LIN Ostro\u0142\u0119ka Chopina 4<\/strong><\/p>\n<p><a href=\"https:\/\/picasaweb.google.com\/117652750709977014312\/6293697289600964289\"><strong><span style=\"color: #ff0000;\">Galeria zdj\u0119\u0107 &lt;kliknij tu &gt; 400 zdj\u0119\u0107<\/span><\/strong><\/a><\/p>\n<p><a href=\"http:\/\/www.pzwnarew.pl\/gallery_pzw\/thumbnails.php?album=219\"><img loading=\"lazy\" decoding=\"async\" class=\"aligncenter size-full wp-image-4190\" src=\"http:\/\/www.pzwnarew.pl\/wp-content\/uploads\/2013\/04\/play-galeria.jpg\" alt=\"play galeria\" width=\"342\" height=\"213\" srcset=\"https:\/\/www.pzwnarew.pl\/wp-content\/uploads\/2013\/04\/play-galeria.jpg 342w, https:\/\/www.pzwnarew.pl\/wp-content\/uploads\/2013\/04\/play-galeria-300x186.jpg 300w\" sizes=\"auto, (max-width: 342px) 100vw, 342px\" \/><\/a><\/p>\n<p>&nbsp;<\/p>\n","protected":false},"excerpt":{"rendered":"<p>Tradycyjnie ju\u017c dzieci swoje \u015bwi\u0119to obchodzi\u0142y podczas festynu zorganizowanego na stawach Czerwi\u0144skiego Towarzystwa W\u0119dkarskiego \u201cKara\u015b\u201d . 51 ma\u0142ych zawodnik\u00f3w w trzech kategoriach wiekowych walczy\u0142o w zawodach sp\u0142awikowych \u0142owi\u0105c zapami\u0119tale ma\u0142e i du\u017ce karasie. Cieszymy si\u0119, \u017ce w tym roku tak du\u017ca liczba dzieci i rodzic\u00f3w przyjecha\u0142a na nasz festyn. Podczas zawod\u00f3w rzutowych zorganizowanych przez instruktor\u00f3w ze szk\u00f3\u0142ki \u201cTr\u00f3jka Leszcze\u201d dzieci sprawdzi\u0142y si\u0119 w dyscyplinach rzutowych. Dzi\u0119kujemy wszystkim uczestnikom, rodzicom oraz ca\u0142ej grupie kilkunastu dzia\u0142aczy z Ko\u0142a Narew za organizacj\u0119 tak&#8230;<\/p>\n<p class=\"read-more\"><a class=\"btn btn-default\" href=\"https:\/\/www.pzwnarew.pl\/?p=6635\"> Read More<span class=\"screen-reader-text\">  Read More<\/span><\/a><\/p>\n","protected":false},"author":2,"featured_media":0,"comment_status":"open","ping_status":"closed","sticky":false,"template":"","format":"standard","meta":{"footnotes":""},"categories":[20,17],"tags":[],"class_list":["post-6635","post","type-post","status-publish","format-standard","hentry","category-newsy","category-imprezy"],"_links":{"self":[{"href":"https:\/\/www.pzwnarew.pl\/index.php?rest_route=\/wp\/v2\/posts\/6635","targetHints":{"allow":["GET"]}}],"collection":[{"href":"https:\/\/www.pzwnarew.pl\/index.php?rest_route=\/wp\/v2\/posts"}],"about":[{"href":"https:\/\/www.pzwnarew.pl\/index.php?rest_route=\/wp\/v2\/types\/post"}],"author":[{"embeddable":true,"href":"https:\/\/www.pzwnarew.pl\/index.php?rest_route=\/wp\/v2\/users\/2"}],"replies":[{"embeddable":true,"href":"https:\/\/www.pzwnarew.pl\/index.php?rest_route=%2Fwp%2Fv2%2Fcomments&post=6635"}],"version-history":[{"count":7,"href":"https:\/\/www.pzwnarew.pl\/index.php?rest_route=\/wp\/v2\/posts\/6635\/revisions"}],"predecessor-version":[{"id":6647,"href":"https:\/\/www.pzwnarew.pl\/index.php?rest_route=\/wp\/v2\/posts\/6635\/revisions\/6647"}],"wp:attachment":[{"href":"https:\/\/www.pzwnarew.pl\/index.php?rest_route=%2Fwp%2Fv2%2Fmedia&parent=6635"}],"wp:term":[{"taxonomy":"category","embeddable":true,"href":"https:\/\/www.pzwnarew.pl\/index.php?rest_route=%2Fwp%2Fv2%2Fcategories&post=6635"},{"taxonomy":"post_tag","embeddable":true,"href":"https:\/\/www.pzwnarew.pl\/index.php?rest_route=%2Fwp%2Fv2%2Ftags&post=6635"}],"curies":[{"name":"wp","href":"https:\/\/api.w.org\/{rel}","templated":true}]}}