{"id":6603,"date":"2016-05-15T19:00:56","date_gmt":"2016-05-15T17:00:56","guid":{"rendered":"http:\/\/www.pzwnarew.pl\/?p=6603"},"modified":"2016-05-15T19:24:38","modified_gmt":"2016-05-15T17:24:38","slug":"okon-narwi-reaktywacja","status":"publish","type":"post","link":"https:\/\/www.pzwnarew.pl\/?p=6603","title":{"rendered":"OKO\u0143 NARWI  REAKTYWACJA"},"content":{"rendered":"<p>W dniu 15 maja w ramach obchod\u00f3w \u201cDni Ostro\u0142\u0119ki\u201d w\u0119dkarze rozegrali na Narwi zawody spinningowe od tej pory <a href=\"http:\/\/www.pzwnarew.pl\/wp-content\/uploads\/2016\/05\/IMG_2736.jpg\"><img loading=\"lazy\" decoding=\"async\" class=\"alignright size-thumbnail wp-image-6604\" src=\"http:\/\/www.pzwnarew.pl\/wp-content\/uploads\/2016\/05\/IMG_2736-150x150.jpg\" alt=\"IMG_2736\" width=\"150\" height=\"150\" \/><\/a>nazywane \u201cOkoniem Narwi\u201d.<\/p>\n<p>Zawody rozegrano pod patronatem Prezydenta Ostro\u0142\u0119ki Janusza Kotowskiego oraz Przewodnicz\u0105cego rady Miasta Jerzego Grabowskiego. Obydwaj panowie zaszczycili uroczysto\u015b\u0107 wr\u0119czenia nagr\u00f3d laureatom zawod\u00f3w.<\/p>\n<p>Hitem zawod\u00f3w okaza\u0142 si\u0119 wspania\u0142y debiut Adama Kub\u0142a z Ostro\u0142\u0119ki, kt\u00f3ry dopiero zaczyna przygod\u0119 ze spinningiem, zosta\u0142 on zwyci\u0119zc\u0105 zawod\u00f3w \u0142owi\u0105c bolenia 76,8 cm. Imprez\u0119 pogmatwa\u0142a bardzo wietrzna pogoda, nie sprzyja\u0142o to braniom szczupak\u00f3w ale za to z\u0142owiono ponad 50 okoni, a organizatorzy musieli dodatkowo zamocowa\u0107 mocniej bandery reklamowe sponsor\u00f3w zawod\u00f3w.<!--more--><\/p>\n<p>By\u0142y to kolejne zawody rozgrywane na \u017cywej rybie oraz\u00a0 na wysokim poziomie. <span data-offset-key=\"alvsq-0-0\"><span data-text=\"true\">W zawodach startowali zawodnicy z Ostro\u0142\u0119ki, Warszawy, Ostrowi oraz Ma\u0142kini. Na koniec zawod\u00f3w w\u015br\u00f3d zawodnik\u00f3w losowano nagrody w postaci Silnika elektrycznego oraz echo sondy.<\/span><\/span><\/p>\n<p>Wszystkich uczestnik\u00f3w rozgrza\u0142a z samego rana gor\u0105ca zupa og\u00f3rkowa zrobiona przez nasz\u0105 kole\u017cank\u0119 z ko\u0142a Ann\u0119 Wojtkowiak.<\/p>\n<p>Dzi\u0119kujemy Prezydentowi Miasta Ostro\u0142\u0119ki Januszowi Kotowskiemu,<\/p>\n<p>Przewodnicz\u0105cemu Rady Miasta Ostro\u0142\u0119ki Jerzemu Grabowskiemu<\/p>\n<p>Firmie KONGER Fisching Expert<\/p>\n<p>O\u015brodkowi Szkolenia KURS Krzysztof Szyma\u0144ski<\/p>\n<p>Firmie Hydro-Monter\u00a0 monta\u017c Szamb ekologicznych Rafa\u0142 Wojtkowiak<\/p>\n<p>Sklepowi W\u0119dkarskiemu LIN<\/p>\n<p>Piekarnia Rycharski Olszewo Borki<\/p>\n<p><strong>\u00a0Wyniki pi\u0119ciu najlepszych:<\/strong><\/p>\n<p>Kube\u0142 Adam<\/p>\n<p>Rukasz Pawe\u0142<\/p>\n<p>Romanik \u0141ukasz<\/p>\n<p>Tyszka Grzegorz<\/p>\n<p>Kuszneruk\u00a0 Grzegorz<\/p>\n<p><a href=\"http:\/\/www.pzwnarew.pl\/gallery_pzw\/thumbnails.php?album=217\"><img loading=\"lazy\" decoding=\"async\" class=\"aligncenter size-full wp-image-4190\" src=\"http:\/\/www.pzwnarew.pl\/wp-content\/uploads\/2013\/04\/play-galeria.jpg\" alt=\"play galeria\" width=\"342\" height=\"213\" srcset=\"https:\/\/www.pzwnarew.pl\/wp-content\/uploads\/2013\/04\/play-galeria.jpg 342w, https:\/\/www.pzwnarew.pl\/wp-content\/uploads\/2013\/04\/play-galeria-300x186.jpg 300w\" sizes=\"auto, (max-width: 342px) 100vw, 342px\" \/><\/a><\/p>\n<p>&nbsp;<\/p>\n","protected":false},"excerpt":{"rendered":"<p>W dniu 15 maja w ramach obchod\u00f3w \u201cDni Ostro\u0142\u0119ki\u201d w\u0119dkarze rozegrali na Narwi zawody spinningowe od tej pory nazywane \u201cOkoniem Narwi\u201d. Zawody rozegrano pod patronatem Prezydenta Ostro\u0142\u0119ki Janusza Kotowskiego oraz Przewodnicz\u0105cego rady Miasta Jerzego Grabowskiego. Obydwaj panowie zaszczycili uroczysto\u015b\u0107 wr\u0119czenia nagr\u00f3d laureatom zawod\u00f3w. Hitem zawod\u00f3w okaza\u0142 si\u0119 wspania\u0142y debiut Adama Kub\u0142a z Ostro\u0142\u0119ki, kt\u00f3ry dopiero zaczyna przygod\u0119 ze spinningiem, zosta\u0142 on zwyci\u0119zc\u0105 zawod\u00f3w \u0142owi\u0105c bolenia 76,8 cm. Imprez\u0119 pogmatwa\u0142a bardzo wietrzna pogoda, nie sprzyja\u0142o to braniom szczupak\u00f3w ale za to&#8230;<\/p>\n<p class=\"read-more\"><a class=\"btn btn-default\" href=\"https:\/\/www.pzwnarew.pl\/?p=6603\"> Read More<span class=\"screen-reader-text\">  Read More<\/span><\/a><\/p>\n","protected":false},"author":2,"featured_media":0,"comment_status":"open","ping_status":"closed","sticky":false,"template":"","format":"standard","meta":{"footnotes":""},"categories":[20,17],"tags":[],"class_list":["post-6603","post","type-post","status-publish","format-standard","hentry","category-newsy","category-imprezy"],"_links":{"self":[{"href":"https:\/\/www.pzwnarew.pl\/index.php?rest_route=\/wp\/v2\/posts\/6603","targetHints":{"allow":["GET"]}}],"collection":[{"href":"https:\/\/www.pzwnarew.pl\/index.php?rest_route=\/wp\/v2\/posts"}],"about":[{"href":"https:\/\/www.pzwnarew.pl\/index.php?rest_route=\/wp\/v2\/types\/post"}],"author":[{"embeddable":true,"href":"https:\/\/www.pzwnarew.pl\/index.php?rest_route=\/wp\/v2\/users\/2"}],"replies":[{"embeddable":true,"href":"https:\/\/www.pzwnarew.pl\/index.php?rest_route=%2Fwp%2Fv2%2Fcomments&post=6603"}],"version-history":[{"count":8,"href":"https:\/\/www.pzwnarew.pl\/index.php?rest_route=\/wp\/v2\/posts\/6603\/revisions"}],"predecessor-version":[{"id":6612,"href":"https:\/\/www.pzwnarew.pl\/index.php?rest_route=\/wp\/v2\/posts\/6603\/revisions\/6612"}],"wp:attachment":[{"href":"https:\/\/www.pzwnarew.pl\/index.php?rest_route=%2Fwp%2Fv2%2Fmedia&parent=6603"}],"wp:term":[{"taxonomy":"category","embeddable":true,"href":"https:\/\/www.pzwnarew.pl\/index.php?rest_route=%2Fwp%2Fv2%2Fcategories&post=6603"},{"taxonomy":"post_tag","embeddable":true,"href":"https:\/\/www.pzwnarew.pl\/index.php?rest_route=%2Fwp%2Fv2%2Ftags&post=6603"}],"curies":[{"name":"wp","href":"https:\/\/api.w.org\/{rel}","templated":true}]}}