{"id":660,"date":"2007-07-19T15:16:05","date_gmt":"2007-07-19T14:16:05","guid":{"rendered":"http:\/\/www.ostroleka.com.pl\/pzw-narew38\/?p=660"},"modified":"2011-03-19T15:32:22","modified_gmt":"2011-03-19T14:32:22","slug":"lipcowo-jesienny-maraton-2007","status":"publish","type":"post","link":"https:\/\/www.pzwnarew.pl\/?p=660","title":{"rendered":"LIPCOWO-JESIENNY NOCNY MARATON  2007"},"content":{"rendered":"<p><strong>Druga edycja nocnego maratonu odby\u0142a si\u0119 w nietypowych i trudnych warunkach. Silny wiatr, temperatura dziwna na lipiec\u00a0<\/strong><strong>14\u00b0C\u00a0<\/strong><strong>i przelotny deszcz nie sprzyja\u0142y \u0142owieniu ryb.<\/strong><\/p>\n<p><a href=\"http:\/\/www.ostroleka.com.pl\/pzw-narew38\/wp-content\/uploads\/2007\/07\/nocny_2007_01.jpg\"><img loading=\"lazy\" decoding=\"async\" class=\"alignleft size-thumbnail wp-image-664\" title=\"nocny_2007_01\" src=\"http:\/\/www.ostroleka.com.pl\/pzw-narew38\/wp-content\/uploads\/2007\/07\/nocny_2007_01-150x150.jpg\" alt=\"\" width=\"150\" height=\"150\" \/><\/a>Pomimo tego 11 dru\u017cyn, kt\u00f3re przyst\u0105pi\u0142y do tego 24 godzinnego \u0142owienia reprezentowane by\u0142y przez wszystkie grupy w\u0119dkarskie. Byli kadeci, juniorzy, dwie kobiety oraz seniorzy.<br \/>\nNiestety komisja s\u0119dziowska, kt\u00f3ra czeka\u0142a na zg\u0142oszenia przede wszystkim sum\u00f3w nie doczeka\u0142a si\u0119 regulaminowych okaz\u00f3w, najwi\u0119kszy z\u0142owiony przez Mariusza Kamionowskiego wr\u00f3ci\u0142 do wody z powodu braku 6 cm. Trafia\u0142y si\u0119 tak\u017ce kijanki w\u015br\u00f3d sum\u00f3w po 40 cm, one tak\u017ce wraca\u0142y do wody. By\u0142o du\u017co kr\u0105pia najwi\u0119kszy o wadze 40 dkg przyni\u00f3s\u0142 Grzegorzowi Ratusz wyr\u00f3\u017cnienie indywidualne.<!--more--><\/p>\n<p><a href=\"http:\/\/www.ostroleka.com.pl\/pzw-narew38\/wp-content\/uploads\/2007\/07\/nocny_2007_02.jpg\"><img loading=\"lazy\" decoding=\"async\" class=\"alignleft size-thumbnail wp-image-665\" title=\"nocny_2007_02\" src=\"http:\/\/www.ostroleka.com.pl\/pzw-narew38\/wp-content\/uploads\/2007\/07\/nocny_2007_02-150x150.jpg\" alt=\"\" width=\"150\" height=\"150\" \/><\/a><a href=\"http:\/\/www.ostroleka.com.pl\/pzw-narew38\/wp-content\/uploads\/2007\/07\/nocny_2007_03.jpg\"><img loading=\"lazy\" decoding=\"async\" class=\"alignright size-thumbnail wp-image-666\" title=\"nocny_2007_03\" src=\"http:\/\/www.ostroleka.com.pl\/pzw-narew38\/wp-content\/uploads\/2007\/07\/nocny_2007_03-150x150.jpg\" alt=\"\" width=\"150\" height=\"150\" \/><\/a>Pad\u0142o kilka leszczy, najwi\u0119ksze, dwie prawie dwukilowe sztuki z\u0142apa\u0142 reprezentant zwyci\u0119skiej dru\u017cyny Bogus\u0142aw Sadowski.<br \/>\nZbyszek Lis mia\u0142 k\u0142opoty z sandaczami, kt\u00f3re bra\u0142y s\u0142abo i niezdecydowanie.<br \/>\nOstatecznie podsumowa\u0107 drug\u0105 edycj\u0119 maratonu organizatorzy ciesz\u0105 si\u0119, \u017ce s\u0105 to zawody<br \/>\nrodzinne w kt\u00f3rych przybywa startuj\u0105cych. Cztery dru\u017cyny bior\u0105ce udzia\u0142 w zawodach<br \/>\nto pokoleniowe rodziny w\u0119dkarskie.<\/p>\n<p>Klasyfikacja ko\u0144cowa maratonu.<\/p>\n<p><a href=\"http:\/\/www.ostroleka.com.pl\/pzw-narew38\/wp-content\/uploads\/2007\/07\/nocny_2007_04.jpg\"><img loading=\"lazy\" decoding=\"async\" class=\"alignright size-thumbnail wp-image-667\" title=\"nocny_2007_04\" src=\"http:\/\/www.ostroleka.com.pl\/pzw-narew38\/wp-content\/uploads\/2007\/07\/nocny_2007_04-150x150.jpg\" alt=\"\" width=\"150\" height=\"150\" \/><\/a>I Miejsce dru\u017cyna w sk\u0142adzie: Ewa Michalska, Bogus\u0142aw Sadowski, Norbert Garbowski.<br \/>\nII M-ce dru\u017cyna w sk\u0142adzie : Maciej Dziadak, J\u00f3zef Dziadak i Pawe\u0142 Myszka.<br \/>\nIII M-ce dru\u017cyna w sk\u0142adzie: Natalia , Katarzyna i Mariusz Kamionowscy.<\/p>\n<p>Najwi\u0119kszy szczupak : Norbert Garbowski<br \/>\nNajwi\u0119kszy Leszcz : Bogus\u0142aw Sadowski<br \/>\nNajwi\u0119kszy oko\u0144 : Mariusz Koby\u0142ecki<br \/>\nNajwi\u0119kszy Ja\u017c : Pawe\u0142 Myszka<br \/>\nNajwi\u0119kszy kr\u0105p : Grzegorz Ratusz.<\/p>\n<p>Wszystkim uczestnikom maratonu: w\u0119dkarzom, s\u0119dziom i kibicom:<\/p>\n<p>Serdecznie Dzi\u0119kujemy i Zapraszamy za rok<br \/>\nZarz\u0105d Ko\u0142a &#8222;Narew&#8221;<\/p>\n<p style=\"text-align: center;\"><a href=\"http:\/\/www.ostroleka.com.pl\/gallery_pzw\/thumbnails.php?album=39\" target=\"_blank\">Wi\u0119cej zdj\u0119\u0107 w Galerii PZW &gt;&gt;<\/a><\/p>\n<p style=\"text-align: right;\">Z w\u0119dkarskim pozdrowieniem<br \/>\nAndrzej Raszkiewicz<\/p>\n","protected":false},"excerpt":{"rendered":"<p>Druga edycja nocnego maratonu odby\u0142a si\u0119 w nietypowych i trudnych warunkach. Silny wiatr, temperatura dziwna na lipiec\u00a014\u00b0C\u00a0i przelotny deszcz nie sprzyja\u0142y \u0142owieniu ryb. Pomimo tego 11 dru\u017cyn, kt\u00f3re przyst\u0105pi\u0142y do tego 24 godzinnego \u0142owienia reprezentowane by\u0142y przez wszystkie grupy w\u0119dkarskie. Byli kadeci, juniorzy, dwie kobiety oraz seniorzy. Niestety komisja s\u0119dziowska, kt\u00f3ra czeka\u0142a na zg\u0142oszenia przede wszystkim sum\u00f3w nie doczeka\u0142a si\u0119 regulaminowych okaz\u00f3w, najwi\u0119kszy z\u0142owiony przez Mariusza Kamionowskiego wr\u00f3ci\u0142 do wody z powodu braku 6 cm. Trafia\u0142y si\u0119 tak\u017ce kijanki w\u015br\u00f3d&#8230;<\/p>\n<p class=\"read-more\"><a class=\"btn btn-default\" href=\"https:\/\/www.pzwnarew.pl\/?p=660\"> Read More<span class=\"screen-reader-text\">  Read More<\/span><\/a><\/p>\n","protected":false},"author":2,"featured_media":0,"comment_status":"closed","ping_status":"closed","sticky":false,"template":"","format":"standard","meta":{"footnotes":""},"categories":[20,17],"tags":[],"class_list":["post-660","post","type-post","status-publish","format-standard","hentry","category-newsy","category-imprezy"],"_links":{"self":[{"href":"https:\/\/www.pzwnarew.pl\/index.php?rest_route=\/wp\/v2\/posts\/660","targetHints":{"allow":["GET"]}}],"collection":[{"href":"https:\/\/www.pzwnarew.pl\/index.php?rest_route=\/wp\/v2\/posts"}],"about":[{"href":"https:\/\/www.pzwnarew.pl\/index.php?rest_route=\/wp\/v2\/types\/post"}],"author":[{"embeddable":true,"href":"https:\/\/www.pzwnarew.pl\/index.php?rest_route=\/wp\/v2\/users\/2"}],"replies":[{"embeddable":true,"href":"https:\/\/www.pzwnarew.pl\/index.php?rest_route=%2Fwp%2Fv2%2Fcomments&post=660"}],"version-history":[{"count":4,"href":"https:\/\/www.pzwnarew.pl\/index.php?rest_route=\/wp\/v2\/posts\/660\/revisions"}],"predecessor-version":[{"id":663,"href":"https:\/\/www.pzwnarew.pl\/index.php?rest_route=\/wp\/v2\/posts\/660\/revisions\/663"}],"wp:attachment":[{"href":"https:\/\/www.pzwnarew.pl\/index.php?rest_route=%2Fwp%2Fv2%2Fmedia&parent=660"}],"wp:term":[{"taxonomy":"category","embeddable":true,"href":"https:\/\/www.pzwnarew.pl\/index.php?rest_route=%2Fwp%2Fv2%2Fcategories&post=660"},{"taxonomy":"post_tag","embeddable":true,"href":"https:\/\/www.pzwnarew.pl\/index.php?rest_route=%2Fwp%2Fv2%2Ftags&post=660"}],"curies":[{"name":"wp","href":"https:\/\/api.w.org\/{rel}","templated":true}]}}