{"id":6572,"date":"2016-04-23T22:18:20","date_gmt":"2016-04-23T20:18:20","guid":{"rendered":"http:\/\/www.pzwnarew.pl\/?p=6572"},"modified":"2016-04-25T21:14:57","modified_gmt":"2016-04-25T19:14:57","slug":"6572","status":"publish","type":"post","link":"https:\/\/www.pzwnarew.pl\/?p=6572","title":{"rendered":"Nasza dru\u017cyna na Olimpiadzie W\u0119dkarskiej"},"content":{"rendered":"<p>23.04.2016 NASZA DRU\u017bYNA\u00a0 NA OLIMPIADZIE W\u0118DKARSKIEJ Okr\u0119gu Mazowieckiego PZW &#8211; POWALCZY\u0141A W DOBRYM STYLU &#8211; <span id=\"fbPhotoSnowliftCaption\" class=\"fbPhotosPhotoCaption\" tabindex=\"0\" data-ft=\"{&quot;tn&quot;:&quot;K&quot;}\"><span class=\"hasCaption\">SEBASTIAN BAZYD\u0141O WR\u00d3CI\u0141 Z OLIMPIADY Z DWOMA PUCHARAMI I TRZEMA MEDALAMI<br \/>\nGRATULACJE DLA SZK\u00d3\u0141KI &#8222;TR\u00d3JKA LESZCZE&#8221; ORAZ PODZI\u0118KOWANIA DLA OPIEKUN\u00d3W.<\/span><\/span><\/p>\n<p><a href=\"http:\/\/www.pzwnarew.pl\/wp-content\/uploads\/2016\/04\/13082486_586946334801432_768578877681806642_n.jpg\"><img loading=\"lazy\" decoding=\"async\" class=\"alignleft wp-image-6573 size-medium\" src=\"http:\/\/www.pzwnarew.pl\/wp-content\/uploads\/2016\/04\/13082486_586946334801432_768578877681806642_n-300x180.jpg\" alt=\"13082486_586946334801432_768578877681806642_n\" width=\"300\" height=\"180\" srcset=\"https:\/\/www.pzwnarew.pl\/wp-content\/uploads\/2016\/04\/13082486_586946334801432_768578877681806642_n-300x180.jpg 300w, https:\/\/www.pzwnarew.pl\/wp-content\/uploads\/2016\/04\/13082486_586946334801432_768578877681806642_n.jpg 960w\" sizes=\"auto, (max-width: 300px) 100vw, 300px\" \/><\/a><a href=\"http:\/\/www.pzwnarew.pl\/wp-content\/uploads\/2016\/04\/13006531_587980484698017_845392073788700978_n.jpg\"><img loading=\"lazy\" decoding=\"async\" class=\"alignright wp-image-6580 size-medium\" src=\"http:\/\/www.pzwnarew.pl\/wp-content\/uploads\/2016\/04\/13006531_587980484698017_845392073788700978_n-300x225.jpg\" alt=\"13006531_587980484698017_845392073788700978_n\" width=\"300\" height=\"225\" srcset=\"https:\/\/www.pzwnarew.pl\/wp-content\/uploads\/2016\/04\/13006531_587980484698017_845392073788700978_n-300x225.jpg 300w, https:\/\/www.pzwnarew.pl\/wp-content\/uploads\/2016\/04\/13006531_587980484698017_845392073788700978_n.jpg 960w\" sizes=\"auto, (max-width: 300px) 100vw, 300px\" \/><\/a><\/p>\n<p>&nbsp;<\/p>\n","protected":false},"excerpt":{"rendered":"<p>23.04.2016 NASZA DRU\u017bYNA\u00a0 NA OLIMPIADZIE W\u0118DKARSKIEJ Okr\u0119gu Mazowieckiego PZW &#8211; POWALCZY\u0141A W DOBRYM STYLU &#8211; SEBASTIAN BAZYD\u0141O WR\u00d3CI\u0141 Z OLIMPIADY Z DWOMA PUCHARAMI I TRZEMA MEDALAMI GRATULACJE DLA SZK\u00d3\u0141KI &#8222;TR\u00d3JKA LESZCZE&#8221; ORAZ PODZI\u0118KOWANIA DLA OPIEKUN\u00d3W. &nbsp;<\/p>\n","protected":false},"author":2,"featured_media":0,"comment_status":"open","ping_status":"closed","sticky":false,"template":"","format":"standard","meta":{"footnotes":""},"categories":[20],"tags":[],"class_list":["post-6572","post","type-post","status-publish","format-standard","hentry","category-newsy"],"_links":{"self":[{"href":"https:\/\/www.pzwnarew.pl\/index.php?rest_route=\/wp\/v2\/posts\/6572","targetHints":{"allow":["GET"]}}],"collection":[{"href":"https:\/\/www.pzwnarew.pl\/index.php?rest_route=\/wp\/v2\/posts"}],"about":[{"href":"https:\/\/www.pzwnarew.pl\/index.php?rest_route=\/wp\/v2\/types\/post"}],"author":[{"embeddable":true,"href":"https:\/\/www.pzwnarew.pl\/index.php?rest_route=\/wp\/v2\/users\/2"}],"replies":[{"embeddable":true,"href":"https:\/\/www.pzwnarew.pl\/index.php?rest_route=%2Fwp%2Fv2%2Fcomments&post=6572"}],"version-history":[{"count":4,"href":"https:\/\/www.pzwnarew.pl\/index.php?rest_route=\/wp\/v2\/posts\/6572\/revisions"}],"predecessor-version":[{"id":6582,"href":"https:\/\/www.pzwnarew.pl\/index.php?rest_route=\/wp\/v2\/posts\/6572\/revisions\/6582"}],"wp:attachment":[{"href":"https:\/\/www.pzwnarew.pl\/index.php?rest_route=%2Fwp%2Fv2%2Fmedia&parent=6572"}],"wp:term":[{"taxonomy":"category","embeddable":true,"href":"https:\/\/www.pzwnarew.pl\/index.php?rest_route=%2Fwp%2Fv2%2Fcategories&post=6572"},{"taxonomy":"post_tag","embeddable":true,"href":"https:\/\/www.pzwnarew.pl\/index.php?rest_route=%2Fwp%2Fv2%2Ftags&post=6572"}],"curies":[{"name":"wp","href":"https:\/\/api.w.org\/{rel}","templated":true}]}}