{"id":6532,"date":"2016-03-31T21:43:59","date_gmt":"2016-03-31T19:43:59","guid":{"rendered":"http:\/\/www.pzwnarew.pl\/?p=6532"},"modified":"2016-04-02T11:55:25","modified_gmt":"2016-04-02T09:55:25","slug":"wjazd-nad-narew-darmowy-dla-czlonkow-kola-narew","status":"publish","type":"post","link":"https:\/\/www.pzwnarew.pl\/?p=6532","title":{"rendered":"Wjazd nad Narew darmowy dla cz\u0142onk\u00f3w ko\u0142a Narew (\u017bart Primaaprilisowy)"},"content":{"rendered":"<p><strong>Kole\u017canki i Koledzy z ko\u0142a nr 38 PZW Narew w Ostro\u0142\u0119ce!<\/strong><\/p>\n<p>W dniu wczorajszym pr\u00f3bowali\u015bmy nabra\u0107 naszych w\u0119dkarzy. Wielu uda\u0142o si\u0119 nabra\u0107, poniewa\u017c zacz\u0119li przychodzi\u0107 ze zdj\u0119ciami do naszej siedziby \ud83d\ude42 Primaaprilisowy \u017cart<br \/>\n<i class=\"_4-k1 img sp_fM-mz8spZ1b sx_5371b4\"><\/i>Mamy nadzieje \u017ce uda\u0142 si\u0119 nam \u017cart primaaprilisowy<\/p>\n<p>Jeste\u015bmy zaszczyceni powiadomi\u0107 Was, \u017ce\u00a0 stosown\u0105 decyzj\u0105 w\u0142a\u015bciwych w\u0142adz nadle\u015bnictwa uzyskali\u015bmy do ko\u0144ca <a href=\"http:\/\/www.pzwnarew.pl\/wp-content\/uploads\/2016\/03\/indeks.jpg\"><img loading=\"lazy\" decoding=\"async\" class=\"alignright size-thumbnail wp-image-6533\" src=\"http:\/\/www.pzwnarew.pl\/wp-content\/uploads\/2016\/03\/indeks-150x150.jpg\" alt=\"indeks\" width=\"150\" height=\"150\" \/><\/a>roku kalendarzowego zwolnienie z wprowadzonych na pocz\u0105tku tego roku i obowi\u0105zuj\u0105cych od dnia 01.04.2016 op\u0142at za przejazd wszelkimi \u015brodkami transportu (rower, motorower, motocykl, samoch\u00f3d)\u00a0 poprzez tereny las\u00f3w pa\u0144stwowych oraz z op\u0142at parkingowych na terenach nale\u017c\u0105cych do skarbu pa\u0144stwa w pobli\u017cu \u0142owisk (samoch\u00f3d, motocykl, motorower).<br \/>\nZwolnienie to dotyczy wy\u0142\u0105cznie cz\u0142onk\u00f3w naszego ko\u0142a i terytorialnie tymczasowo ograniczone jest do terenu miasta Ostro\u0142\u0119ki i powiatu ostro\u0142\u0119ckiego. Po uzyskaniu poparcia od Zarz\u0105du Okr\u0119gu dotyczy\u0107 b\u0119dzie teren\u00f3w s\u0105siaduj\u0105cych bezpo\u015brednio z wodami\u00a0 u\u017cytkowanymi przez Okr\u0119g Mazowiecki PZW.<br \/>\nZ tre\u015bci wydanej decyzji wynika, \u017ce sta\u0142o si\u0119 tak za spraw\u0105 docenienia przez w\u0142adze naszych dzia\u0142a\u0144 zmierzaj\u0105cych do propagowania proekologicznych zachowa\u0144 w\u015br\u00f3d w\u0119dkarzy i szeroko zakrojon\u0105 akcj\u0119 edukacyjna w\u015br\u00f3d dzieci i m\u0142odzie\u017cy: naszego &#8222;w\u0119dkarskiego narybku&#8221;.<\/p>\n<p>Imienne certyfikaty wydawa\u0107 b\u0119dziemy po pokryciu koszt\u00f3w wydania dokumentu ze zdj\u0119ciem, w kwocie <strong>5 z\u0142 <\/strong>, kt\u00f3ry b\u0119dzie obowi\u0105zywa\u0142 wraz z kart\u0105 w\u0119dkarsk\u0105 po r\u00f3wnoczesnym op\u0142aceniu znak\u00f3w PZW za rok 2016 zaraz po ich odbiorze z Wytw\u00f3rni Dokument\u00f3w Hologramowych w Warszawie, po zeskanowaniu dostarczonych do sklepu LIN w Ostro\u0142\u0119ce przy ul. Chopina aktualnych fotografii sporz\u0105dzonych wg tych samych zasad, co do nowych paszport\u00f3w.<br \/>\nProsimy dostarczy\u0107 zdj\u0119cia ju\u017c od dzisiaj tj. od 01,04.2014, gdy\u017c skr\u00f3ci to okres oczekiwania na wydanie dokumentu.<\/p>\n<p>Wasz kochany Zarz\u0105d:).<\/p>\n<p><a href=\"http:\/\/www.pzwnarew.pl\/wp-content\/uploads\/2016\/03\/eks.jpg\"><img loading=\"lazy\" decoding=\"async\" class=\"alignleft size-medium wp-image-6534\" src=\"http:\/\/www.pzwnarew.pl\/wp-content\/uploads\/2016\/03\/eks-300x225.jpg\" alt=\"eks\" width=\"300\" height=\"225\" srcset=\"https:\/\/www.pzwnarew.pl\/wp-content\/uploads\/2016\/03\/eks-300x225.jpg 300w, https:\/\/www.pzwnarew.pl\/wp-content\/uploads\/2016\/03\/eks.jpg 681w\" sizes=\"auto, (max-width: 300px) 100vw, 300px\" \/><\/a><a href=\"http:\/\/www.pzwnarew.pl\/wp-content\/uploads\/2016\/03\/iois.jpg\"><img loading=\"lazy\" decoding=\"async\" class=\"alignleft wp-image-6535 size-medium\" src=\"http:\/\/www.pzwnarew.pl\/wp-content\/uploads\/2016\/03\/iois-300x225.jpg\" alt=\"iois\" width=\"300\" height=\"225\" srcset=\"https:\/\/www.pzwnarew.pl\/wp-content\/uploads\/2016\/03\/iois-300x225.jpg 300w, https:\/\/www.pzwnarew.pl\/wp-content\/uploads\/2016\/03\/iois.jpg 681w\" sizes=\"auto, (max-width: 300px) 100vw, 300px\" \/><\/a><\/p>\n","protected":false},"excerpt":{"rendered":"<p>Kole\u017canki i Koledzy z ko\u0142a nr 38 PZW Narew w Ostro\u0142\u0119ce! W dniu wczorajszym pr\u00f3bowali\u015bmy nabra\u0107 naszych w\u0119dkarzy. Wielu uda\u0142o si\u0119 nabra\u0107, poniewa\u017c zacz\u0119li przychodzi\u0107 ze zdj\u0119ciami do naszej siedziby \ud83d\ude42 Primaaprilisowy \u017cart Mamy nadzieje \u017ce uda\u0142 si\u0119 nam \u017cart primaaprilisowy Jeste\u015bmy zaszczyceni powiadomi\u0107 Was, \u017ce\u00a0 stosown\u0105 decyzj\u0105 w\u0142a\u015bciwych w\u0142adz nadle\u015bnictwa uzyskali\u015bmy do ko\u0144ca roku kalendarzowego zwolnienie z wprowadzonych na pocz\u0105tku tego roku i obowi\u0105zuj\u0105cych od dnia 01.04.2016 op\u0142at za przejazd wszelkimi \u015brodkami transportu (rower, motorower, motocykl, samoch\u00f3d)\u00a0 poprzez tereny&#8230;<\/p>\n<p class=\"read-more\"><a class=\"btn btn-default\" href=\"https:\/\/www.pzwnarew.pl\/?p=6532\"> Read More<span class=\"screen-reader-text\">  Read More<\/span><\/a><\/p>\n","protected":false},"author":2,"featured_media":0,"comment_status":"open","ping_status":"closed","sticky":false,"template":"","format":"standard","meta":{"footnotes":""},"categories":[20],"tags":[],"class_list":["post-6532","post","type-post","status-publish","format-standard","hentry","category-newsy"],"_links":{"self":[{"href":"https:\/\/www.pzwnarew.pl\/index.php?rest_route=\/wp\/v2\/posts\/6532","targetHints":{"allow":["GET"]}}],"collection":[{"href":"https:\/\/www.pzwnarew.pl\/index.php?rest_route=\/wp\/v2\/posts"}],"about":[{"href":"https:\/\/www.pzwnarew.pl\/index.php?rest_route=\/wp\/v2\/types\/post"}],"author":[{"embeddable":true,"href":"https:\/\/www.pzwnarew.pl\/index.php?rest_route=\/wp\/v2\/users\/2"}],"replies":[{"embeddable":true,"href":"https:\/\/www.pzwnarew.pl\/index.php?rest_route=%2Fwp%2Fv2%2Fcomments&post=6532"}],"version-history":[{"count":5,"href":"https:\/\/www.pzwnarew.pl\/index.php?rest_route=\/wp\/v2\/posts\/6532\/revisions"}],"predecessor-version":[{"id":6541,"href":"https:\/\/www.pzwnarew.pl\/index.php?rest_route=\/wp\/v2\/posts\/6532\/revisions\/6541"}],"wp:attachment":[{"href":"https:\/\/www.pzwnarew.pl\/index.php?rest_route=%2Fwp%2Fv2%2Fmedia&parent=6532"}],"wp:term":[{"taxonomy":"category","embeddable":true,"href":"https:\/\/www.pzwnarew.pl\/index.php?rest_route=%2Fwp%2Fv2%2Fcategories&post=6532"},{"taxonomy":"post_tag","embeddable":true,"href":"https:\/\/www.pzwnarew.pl\/index.php?rest_route=%2Fwp%2Fv2%2Ftags&post=6532"}],"curies":[{"name":"wp","href":"https:\/\/api.w.org\/{rel}","templated":true}]}}