{"id":6502,"date":"2016-03-14T16:07:02","date_gmt":"2016-03-14T15:07:02","guid":{"rendered":"http:\/\/www.pzwnarew.pl\/?p=6502"},"modified":"2016-03-14T16:07:02","modified_gmt":"2016-03-14T15:07:02","slug":"zebranie-czlonkow-kola-narew","status":"publish","type":"post","link":"https:\/\/www.pzwnarew.pl\/?p=6502","title":{"rendered":"Zebranie cz\u0142onk\u00f3w ko\u0142a Narew"},"content":{"rendered":"<p>Dnia 13.03.2016r. odby\u0142o si\u0119 coroczne Zebranie Sprawozdawcze z dzia\u0142alno\u015bci Ko\u0142a Narew, za rok 2015. Jak co <a href=\"http:\/\/www.pzwnarew.pl\/wp-content\/uploads\/2016\/03\/IMG_0078.jpg\"><img loading=\"lazy\" decoding=\"async\" class=\"alignright size-thumbnail wp-image-6503\" src=\"http:\/\/www.pzwnarew.pl\/wp-content\/uploads\/2016\/03\/IMG_0078-150x150.jpg\" alt=\"IMG_0078\" width=\"150\" height=\"150\" \/><\/a>roku go\u015bcili\u015bmy ju\u017c tradycyjnie na zebraniu przedstawiciela Okr\u0119gu Mazowieckiego, Pana Stanis\u0142awa Pliszk\u0119, kt\u00f3ry to szczeg\u00f3\u0142owo odpowiada\u0142 na postawione pytania podczas dyskusji w czasie zebrania, przez cz\u0142onk\u00f3w Ko\u0142a. W trakcie zebrania z\u0142o\u017cono te\u017c kilka wniosk\u00f3w skierowanych do Okr\u0119gu PZW oraz Zarz\u0105du naszego ko\u0142a. Uczestnicy zebrania mogli r\u00f3wnie\u017c dowiedzie\u0107 si\u0119 sporo informacji na temat ubieg\u0142orocznych zarybie\u0144 prowadzonych w ca\u0142ym Okr\u0119gu jak i imprezach organizowanych przez nasze ko\u0142o. W trakcie zebrania uhonorowano Z\u0142ot\u0105 odznak\u0119 <!--more-->PZW z wie\u0144cami za zas\u0142ugi dla w\u0119dkarstwa polskiego Andrzeja Stachacz. Wr\u0119czono r\u00f3wnie\u017c licencje s\u0119dziego klasy podstawowej w dyscyplinach w\u0119dkarskich dw\u00f3m kolegom z naszego ko\u0142a Paw\u0142owi Bazyd\u0142o oraz Mariuszowi Jackiewicz.<\/p>\n<p><a href=\"http:\/\/www.pzwnarew.pl\/gallery_pzw\/thumbnails.php?album=212\"><img loading=\"lazy\" decoding=\"async\" class=\"aligncenter size-full wp-image-4190\" src=\"http:\/\/www.pzwnarew.pl\/wp-content\/uploads\/2013\/04\/play-galeria.jpg\" alt=\"play galeria\" width=\"342\" height=\"213\" srcset=\"https:\/\/www.pzwnarew.pl\/wp-content\/uploads\/2013\/04\/play-galeria.jpg 342w, https:\/\/www.pzwnarew.pl\/wp-content\/uploads\/2013\/04\/play-galeria-300x186.jpg 300w\" sizes=\"auto, (max-width: 342px) 100vw, 342px\" \/><\/a><\/p>\n","protected":false},"excerpt":{"rendered":"<p>Dnia 13.03.2016r. odby\u0142o si\u0119 coroczne Zebranie Sprawozdawcze z dzia\u0142alno\u015bci Ko\u0142a Narew, za rok 2015. Jak co roku go\u015bcili\u015bmy ju\u017c tradycyjnie na zebraniu przedstawiciela Okr\u0119gu Mazowieckiego, Pana Stanis\u0142awa Pliszk\u0119, kt\u00f3ry to szczeg\u00f3\u0142owo odpowiada\u0142 na postawione pytania podczas dyskusji w czasie zebrania, przez cz\u0142onk\u00f3w Ko\u0142a. W trakcie zebrania z\u0142o\u017cono te\u017c kilka wniosk\u00f3w skierowanych do Okr\u0119gu PZW oraz Zarz\u0105du naszego ko\u0142a. Uczestnicy zebrania mogli r\u00f3wnie\u017c dowiedzie\u0107 si\u0119 sporo informacji na temat ubieg\u0142orocznych zarybie\u0144 prowadzonych w ca\u0142ym Okr\u0119gu jak i imprezach organizowanych przez nasze&#8230;<\/p>\n<p class=\"read-more\"><a class=\"btn btn-default\" href=\"https:\/\/www.pzwnarew.pl\/?p=6502\"> Read More<span class=\"screen-reader-text\">  Read More<\/span><\/a><\/p>\n","protected":false},"author":2,"featured_media":0,"comment_status":"open","ping_status":"closed","sticky":false,"template":"","format":"standard","meta":{"footnotes":""},"categories":[20],"tags":[],"class_list":["post-6502","post","type-post","status-publish","format-standard","hentry","category-newsy"],"_links":{"self":[{"href":"https:\/\/www.pzwnarew.pl\/index.php?rest_route=\/wp\/v2\/posts\/6502","targetHints":{"allow":["GET"]}}],"collection":[{"href":"https:\/\/www.pzwnarew.pl\/index.php?rest_route=\/wp\/v2\/posts"}],"about":[{"href":"https:\/\/www.pzwnarew.pl\/index.php?rest_route=\/wp\/v2\/types\/post"}],"author":[{"embeddable":true,"href":"https:\/\/www.pzwnarew.pl\/index.php?rest_route=\/wp\/v2\/users\/2"}],"replies":[{"embeddable":true,"href":"https:\/\/www.pzwnarew.pl\/index.php?rest_route=%2Fwp%2Fv2%2Fcomments&post=6502"}],"version-history":[{"count":1,"href":"https:\/\/www.pzwnarew.pl\/index.php?rest_route=\/wp\/v2\/posts\/6502\/revisions"}],"predecessor-version":[{"id":6504,"href":"https:\/\/www.pzwnarew.pl\/index.php?rest_route=\/wp\/v2\/posts\/6502\/revisions\/6504"}],"wp:attachment":[{"href":"https:\/\/www.pzwnarew.pl\/index.php?rest_route=%2Fwp%2Fv2%2Fmedia&parent=6502"}],"wp:term":[{"taxonomy":"category","embeddable":true,"href":"https:\/\/www.pzwnarew.pl\/index.php?rest_route=%2Fwp%2Fv2%2Fcategories&post=6502"},{"taxonomy":"post_tag","embeddable":true,"href":"https:\/\/www.pzwnarew.pl\/index.php?rest_route=%2Fwp%2Fv2%2Ftags&post=6502"}],"curies":[{"name":"wp","href":"https:\/\/api.w.org\/{rel}","templated":true}]}}