{"id":6435,"date":"2015-12-18T23:46:13","date_gmt":"2015-12-18T22:46:13","guid":{"rendered":"http:\/\/www.pzwnarew.pl\/?p=6435"},"modified":"2015-12-18T23:46:13","modified_gmt":"2015-12-18T22:46:13","slug":"wedkarze-w-wigilijnym-nastroju","status":"publish","type":"post","link":"https:\/\/www.pzwnarew.pl\/?p=6435","title":{"rendered":"W\u0118DKARZE W WIGILIJNYM NASTROJU"},"content":{"rendered":"<p>W dniu 18 grudnia jak nakazuje tradycja, w\u0119dkarze z naszego ko\u0142a spotkali si\u0119 na uroczystej kolacji wigilijnej. <a href=\"http:\/\/www.pzwnarew.pl\/wp-content\/uploads\/2015\/12\/IMG_0030.jpg\"><img loading=\"lazy\" decoding=\"async\" class=\"alignright size-thumbnail wp-image-6437\" src=\"http:\/\/www.pzwnarew.pl\/wp-content\/uploads\/2015\/12\/IMG_0030-150x150.jpg\" alt=\"IMG_0030\" width=\"150\" height=\"150\" \/><\/a>Opr\u00f3cz dzielenie si\u0119 op\u0142atkiem, dokonano wr\u0119czenia nagr\u00f3d w konkursie \u201e\u0141owcy Okaz\u00f3w 2015\u201d. W tym roku laury otrzymali Mateusz Naw\u0142oka, Andrzej Za\u0142\u0119ski, Piotr Mucha, Dariusz Wi\u015bniewski, Robert Gwiazdowski i Mariusz Jackiewicz wymienieni w\u0119dkarze to nie tylko \u0142owcy najwi\u0119kszych okaz\u00f3w ale tak\u017ce ci , kt\u00f3rzy z\u0142owione ryby po sfotografowaniu wypu\u015bcili z powrotem do Narwi.<\/p>\n<p>Upominki za szczeg\u00f3ln\u0105 dzia\u0142alno\u015b\u0107 dla ko\u0142a Narew otrzymali: Pa\u0144stwo Anna i Pawe\u0142 Bazyd\u0142o opiekunowie ze szk\u00f3\u0142ki m\u0142odzie\u017cowej, J\u00f3zef Dziadak niezast\u0105piony \u201eskryba\u201d i dokumentalista, Wiceprezes Wojciech Jarz\u0105bek oraz Rafa\u0142 Wojtkowiak kilkuosobowy <!--more-->zesp\u00f3\u0142 SSRyb w jednej osobie.<\/p>\n<p>Spotkanie up\u0142yn\u0119\u0142o w mi\u0142ej, \u015bwi\u0105tecznej i w\u0119dkarskiej atmosferze. Za kulinaria bardzo ale to bardzo wigilijne zadba\u0142a restauracja \u201eLuna nad Narwi\u0105\u201d .<\/p>\n<p>&nbsp;<\/p>\n<p><strong><em>\u00a0\u00a0\u00a0 \u017byczymy wszystkim du\u017co \u015bwi\u0105tecznych nastroj\u00f3w oraz szcz\u0119\u015bliwego nowego roku. \u00a0<\/em><\/strong><\/p>\n<p><a href=\"http:\/\/www.pzwnarew.pl\/gallery_pzw\/thumbnails.php?album=209\"><img loading=\"lazy\" decoding=\"async\" class=\"aligncenter size-full wp-image-4190\" src=\"http:\/\/www.pzwnarew.pl\/wp-content\/uploads\/2013\/04\/play-galeria.jpg\" alt=\"play galeria\" width=\"342\" height=\"213\" srcset=\"https:\/\/www.pzwnarew.pl\/wp-content\/uploads\/2013\/04\/play-galeria.jpg 342w, https:\/\/www.pzwnarew.pl\/wp-content\/uploads\/2013\/04\/play-galeria-300x186.jpg 300w\" sizes=\"auto, (max-width: 342px) 100vw, 342px\" \/><\/a><\/p>\n","protected":false},"excerpt":{"rendered":"<p>W dniu 18 grudnia jak nakazuje tradycja, w\u0119dkarze z naszego ko\u0142a spotkali si\u0119 na uroczystej kolacji wigilijnej. Opr\u00f3cz dzielenie si\u0119 op\u0142atkiem, dokonano wr\u0119czenia nagr\u00f3d w konkursie \u201e\u0141owcy Okaz\u00f3w 2015\u201d. W tym roku laury otrzymali Mateusz Naw\u0142oka, Andrzej Za\u0142\u0119ski, Piotr Mucha, Dariusz Wi\u015bniewski, Robert Gwiazdowski i Mariusz Jackiewicz wymienieni w\u0119dkarze to nie tylko \u0142owcy najwi\u0119kszych okaz\u00f3w ale tak\u017ce ci , kt\u00f3rzy z\u0142owione ryby po sfotografowaniu wypu\u015bcili z powrotem do Narwi. Upominki za szczeg\u00f3ln\u0105 dzia\u0142alno\u015b\u0107 dla ko\u0142a Narew otrzymali: Pa\u0144stwo Anna i&#8230;<\/p>\n<p class=\"read-more\"><a class=\"btn btn-default\" href=\"https:\/\/www.pzwnarew.pl\/?p=6435\"> Read More<span class=\"screen-reader-text\">  Read More<\/span><\/a><\/p>\n","protected":false},"author":2,"featured_media":0,"comment_status":"open","ping_status":"closed","sticky":false,"template":"","format":"standard","meta":{"footnotes":""},"categories":[20,17],"tags":[],"class_list":["post-6435","post","type-post","status-publish","format-standard","hentry","category-newsy","category-imprezy"],"_links":{"self":[{"href":"https:\/\/www.pzwnarew.pl\/index.php?rest_route=\/wp\/v2\/posts\/6435","targetHints":{"allow":["GET"]}}],"collection":[{"href":"https:\/\/www.pzwnarew.pl\/index.php?rest_route=\/wp\/v2\/posts"}],"about":[{"href":"https:\/\/www.pzwnarew.pl\/index.php?rest_route=\/wp\/v2\/types\/post"}],"author":[{"embeddable":true,"href":"https:\/\/www.pzwnarew.pl\/index.php?rest_route=\/wp\/v2\/users\/2"}],"replies":[{"embeddable":true,"href":"https:\/\/www.pzwnarew.pl\/index.php?rest_route=%2Fwp%2Fv2%2Fcomments&post=6435"}],"version-history":[{"count":2,"href":"https:\/\/www.pzwnarew.pl\/index.php?rest_route=\/wp\/v2\/posts\/6435\/revisions"}],"predecessor-version":[{"id":6438,"href":"https:\/\/www.pzwnarew.pl\/index.php?rest_route=\/wp\/v2\/posts\/6435\/revisions\/6438"}],"wp:attachment":[{"href":"https:\/\/www.pzwnarew.pl\/index.php?rest_route=%2Fwp%2Fv2%2Fmedia&parent=6435"}],"wp:term":[{"taxonomy":"category","embeddable":true,"href":"https:\/\/www.pzwnarew.pl\/index.php?rest_route=%2Fwp%2Fv2%2Fcategories&post=6435"},{"taxonomy":"post_tag","embeddable":true,"href":"https:\/\/www.pzwnarew.pl\/index.php?rest_route=%2Fwp%2Fv2%2Ftags&post=6435"}],"curies":[{"name":"wp","href":"https:\/\/api.w.org\/{rel}","templated":true}]}}