{"id":6414,"date":"2015-11-16T18:23:40","date_gmt":"2015-11-16T17:23:40","guid":{"rendered":"http:\/\/www.pzwnarew.pl\/?p=6414"},"modified":"2015-11-16T18:24:04","modified_gmt":"2015-11-16T17:24:04","slug":"zarybienie-jaziem","status":"publish","type":"post","link":"https:\/\/www.pzwnarew.pl\/?p=6414","title":{"rendered":"Zarybienie Jaziem"},"content":{"rendered":"<p><span class=\"bbtext txtNormal\">W listopadzie\u00a0 b.r. odby\u0142o si\u0119 zarybienie rzeki Narew oraz Omulew ryb\u0105 ja\u017a. Materia\u0142 zarybieniowy zosta\u0142 <a href=\"http:\/\/www.pzwnarew.pl\/wp-content\/uploads\/2015\/11\/20151102_095329.jpg\"><img loading=\"lazy\" decoding=\"async\" class=\"alignright size-thumbnail wp-image-6415\" src=\"http:\/\/www.pzwnarew.pl\/wp-content\/uploads\/2015\/11\/20151102_095329-150x150.jpg\" alt=\"20151102_095329\" width=\"150\" height=\"150\" \/><\/a>przywieziony przez stra\u017c ryback\u0105 OM PZW. Ryby by\u0142y w dobrej kondycji, nie by\u0142o \u015bni\u0119tych sztuk. W akcji zarybieniowej udzia\u0142 wzi\u0119li cz\u0142onkowie Spo\u0142ecznej Stra\u017cy Rybackiej i Zarz\u0105du Ko\u0142a PZW Narew 38.<\/span><\/p>\n<p><!--more--><\/p>\n<p>&nbsp;<\/p>\n<p>&nbsp;<\/p>\n<p>&nbsp;<\/p>\n<p><a href=\"http:\/\/www.pzwnarew.pl\/gallery_pzw\/thumbnails.php?album=208\"><img loading=\"lazy\" decoding=\"async\" class=\"alignleft wp-image-4190 size-full\" src=\"http:\/\/www.pzwnarew.pl\/wp-content\/uploads\/2013\/04\/play-galeria.jpg\" alt=\"play galeria\" width=\"342\" height=\"213\" srcset=\"https:\/\/www.pzwnarew.pl\/wp-content\/uploads\/2013\/04\/play-galeria.jpg 342w, https:\/\/www.pzwnarew.pl\/wp-content\/uploads\/2013\/04\/play-galeria-300x186.jpg 300w\" sizes=\"auto, (max-width: 342px) 100vw, 342px\" \/><\/a><a href=\"https:\/\/www.youtube.com\/watch?v=SXFj6G_iq-M\"><img loading=\"lazy\" decoding=\"async\" class=\"alignleft wp-image-4519 size-full\" src=\"http:\/\/www.pzwnarew.pl\/wp-content\/uploads\/2013\/06\/beznazwy.png\" alt=\"film\" width=\"170\" height=\"151\" \/><\/a><\/p>\n","protected":false},"excerpt":{"rendered":"<p>W listopadzie\u00a0 b.r. odby\u0142o si\u0119 zarybienie rzeki Narew oraz Omulew ryb\u0105 ja\u017a. Materia\u0142 zarybieniowy zosta\u0142 przywieziony przez stra\u017c ryback\u0105 OM PZW. Ryby by\u0142y w dobrej kondycji, nie by\u0142o \u015bni\u0119tych sztuk. W akcji zarybieniowej udzia\u0142 wzi\u0119li cz\u0142onkowie Spo\u0142ecznej Stra\u017cy Rybackiej i Zarz\u0105du Ko\u0142a PZW Narew 38.<\/p>\n","protected":false},"author":2,"featured_media":0,"comment_status":"open","ping_status":"closed","sticky":false,"template":"","format":"standard","meta":{"footnotes":""},"categories":[20,24],"tags":[],"class_list":["post-6414","post","type-post","status-publish","format-standard","hentry","category-newsy","category-ochrona-wod"],"_links":{"self":[{"href":"https:\/\/www.pzwnarew.pl\/index.php?rest_route=\/wp\/v2\/posts\/6414","targetHints":{"allow":["GET"]}}],"collection":[{"href":"https:\/\/www.pzwnarew.pl\/index.php?rest_route=\/wp\/v2\/posts"}],"about":[{"href":"https:\/\/www.pzwnarew.pl\/index.php?rest_route=\/wp\/v2\/types\/post"}],"author":[{"embeddable":true,"href":"https:\/\/www.pzwnarew.pl\/index.php?rest_route=\/wp\/v2\/users\/2"}],"replies":[{"embeddable":true,"href":"https:\/\/www.pzwnarew.pl\/index.php?rest_route=%2Fwp%2Fv2%2Fcomments&post=6414"}],"version-history":[{"count":1,"href":"https:\/\/www.pzwnarew.pl\/index.php?rest_route=\/wp\/v2\/posts\/6414\/revisions"}],"predecessor-version":[{"id":6416,"href":"https:\/\/www.pzwnarew.pl\/index.php?rest_route=\/wp\/v2\/posts\/6414\/revisions\/6416"}],"wp:attachment":[{"href":"https:\/\/www.pzwnarew.pl\/index.php?rest_route=%2Fwp%2Fv2%2Fmedia&parent=6414"}],"wp:term":[{"taxonomy":"category","embeddable":true,"href":"https:\/\/www.pzwnarew.pl\/index.php?rest_route=%2Fwp%2Fv2%2Fcategories&post=6414"},{"taxonomy":"post_tag","embeddable":true,"href":"https:\/\/www.pzwnarew.pl\/index.php?rest_route=%2Fwp%2Fv2%2Ftags&post=6414"}],"curies":[{"name":"wp","href":"https:\/\/api.w.org\/{rel}","templated":true}]}}