{"id":6399,"date":"2015-11-14T09:20:08","date_gmt":"2015-11-14T08:20:08","guid":{"rendered":"http:\/\/www.pzwnarew.pl\/?p=6399"},"modified":"2015-11-17T17:59:32","modified_gmt":"2015-11-17T16:59:32","slug":"niebieska-woda-w-narwi","status":"publish","type":"post","link":"https:\/\/www.pzwnarew.pl\/?p=6399","title":{"rendered":"Niebieska woda w Narwi"},"content":{"rendered":"<p><span class=\"art_tresc\">13 listopada po po\u0142udniu cz\u0142onkowie Spo\u0142ecznej Stra\u017cy Rybackiej z ko\u0142a PZW Narew 38 podczas rutynowego patrolu <a href=\"http:\/\/www.pzwnarew.pl\/wp-content\/uploads\/2015\/11\/20151113_135928.jpg\"><img loading=\"lazy\" decoding=\"async\" class=\"alignright size-thumbnail wp-image-6400\" src=\"http:\/\/www.pzwnarew.pl\/wp-content\/uploads\/2015\/11\/20151113_135928-150x150.jpg\" alt=\"20151113_135928\" width=\"150\" height=\"150\" \/><\/a>zauwa\u017cyli zabarwion\u0105 na niebiesko wod\u0119 wyp\u0142ywaj\u0105c\u0105 z kana\u0142u zrzutowego nale\u017c\u0105cego do Elektrowni Ostro\u0142\u0119ka. Niezw\u0142ocznie zaalarmowani zostali inspektorzy WIO\u015a-iu.<\/span><\/p>\n<p>Aktualizacja<\/p>\n<p>W dniu 15 listopada z kana\u0142u znik\u0142a niebieska woda po naszej interwencji\u00a0 wszystko wr\u00f3ci\u0142o do stanu poprzedniego wystarczy\u0142o nie ca\u0142e 48 godzin \ud83d\ude42 <!--more--><\/p>\n<div class=\"art_zdjecie_pierwsze\"><\/div>\n<p><span class=\"art_tresc\">To ostro\u0142\u0119ckie<span id=\"akon_nsitsp_6\">zak\u0142ady<\/span> Stora Enso odpowiedzialne s\u0105 za zanieczyszczenie niebiesk\u0105 ciecz\u0105 <span id=\"akon_nsitsp_0\">wody<\/span> w Narwi. W pi\u0105tek dosz\u0142o do awarii, w wyniku czego woda wykorzystywana do mycia urz\u0105dze\u0144 drukarskich dosta\u0142a si\u0119 do <span id=\"akon_nsitsp_4\">kanalizacji<\/span> a nast\u0119pnie kana\u0142em zrzutowym do rzeki.<\/span><\/p>\n<p>Przypomnijmy, w pi\u0105tek 13 listopada w godzinach popo\u0142udniowych patrol Spo\u0142ecznej Stra\u017cy Rybackiej ko\u0142a nr 38 PZW Narew zauwa\u017cy\u0142 niebiesk\u0105 ciecz wydobywaj\u0105c\u0105 si\u0119 z kana\u0142u zrzutowego nale\u017c\u0105cego do ostro\u0142\u0119ckiej elektrowni. Natychmiast zaalarmowane zosta\u0142y w\u0142a\u015bciwe s\u0142u\u017cby. Jak si\u0119 okaza\u0142o, do zanieczyszczenia w<span id=\"akon_nsitsp_2\">ody<\/span> w Narwi dosz\u0142o z powodu awarii przepompowni funkcjonuj\u0105cej na terenie zak\u0142ad\u00f3w produkcyjnych Stora Enso Poland.<\/p>\n<p>W ci\u0105gu niespe\u0142na godziny od zg\u0142oszenia wyciek zosta\u0142 zlikwidowany, a rzecznik prasowy Story Enso zapewnia, \u017ce ciecz, kt\u00f3ra przedosta\u0142a si\u0119 <span id=\"akon_nsitsp_5\">kana\u0142em<\/span> zrzutowym do rzeki nie stanowi zagro\u017cenia dla \u015brodowiska.<\/p>\n<p>&#8211; Informujemy i\u017c, w dniu 13 listopada 2015r. mia\u0142a miejsce awaria <span id=\"akon_nsitsp_3\">przepompowni<\/span> w wyniku kt\u00f3rej podni\u00f3s\u0142 si\u0119 poziom w kanalizacji. Dosz\u0142o do przecieku pomi\u0119dzy kanalizacj\u0105 odprowadzaj\u0105c\u0105 wod\u0119 pop\u0142uczn\u0105 z <span id=\"akon_nsitsp_7\">mycia<\/span> urz\u0105dze\u0144 drukarskich z obszaru przetw\u00f3rstwa, a kanalizacj\u0105 deszczow\u0105. Zgodnie z kart\u0105 charakterystyki produktu, rozcie\u0144czona posta\u0107 <span id=\"akon_nsitsp_1\">farby<\/span> drukarskiej nie jest zagro\u017ceniem dla \u015brodowiska. W ci\u0105gu 40 min. od zaobserwowania problemu dokonali\u015bmy wypompowania \u015bciek\u00f3w z kanalizacji deszczowej i p\u0142ukania wstecznego kanalizacji deszczowej specjalistycznym wozem asenizacyjnym oraz przeanalizowali\u015bmy kart\u0119 charakterystyki stosowanych farb. Tego samego dnia awaria pompy zosta\u0142a usuni\u0119ta. O podj\u0119tych dzia\u0142aniach poinformowali\u015bmy WIO\u015a. Aby unikn\u0105\u0107 w przysz\u0142o\u015bci tego typu zdarze\u0144 planujemy: audyt pompowni w celu okre\u015blenia technicznych dzia\u0142a\u0144 zapobiegawczych, przegl\u0105d i ewentualn\u0105 modernizacj\u0119 uk\u0142adu kanalizacyjnego oraz rozwa\u017cenie mo\u017cliwo\u015bci zamontowania monitoringu ci\u0105g\u0142ego na kana\u0142ach odprowadzaj\u0105cych wody deszczowe \u2013 poinformowa\u0142a nas Agnieszka Stolarow, rzecznik pasowy Stora Enso Poland.<\/p>\n<p>&nbsp;<\/p>\n<p><a href=\"http:\/\/www.pzwnarew.pl\/gallery_pzw\/thumbnails.php?album=207\"><img loading=\"lazy\" decoding=\"async\" class=\"aligncenter size-full wp-image-4190\" src=\"http:\/\/www.pzwnarew.pl\/wp-content\/uploads\/2013\/04\/play-galeria.jpg\" alt=\"play galeria\" width=\"342\" height=\"213\" srcset=\"https:\/\/www.pzwnarew.pl\/wp-content\/uploads\/2013\/04\/play-galeria.jpg 342w, https:\/\/www.pzwnarew.pl\/wp-content\/uploads\/2013\/04\/play-galeria-300x186.jpg 300w\" sizes=\"auto, (max-width: 342px) 100vw, 342px\" \/><\/a><\/p>\n<p>Zdj\u0119cia z 15 listopada:<\/p>\n<p><a href=\"http:\/\/www.pzwnarew.pl\/wp-content\/uploads\/2015\/11\/20151115_124325.jpg\"><img loading=\"lazy\" decoding=\"async\" class=\"alignleft size-thumbnail wp-image-6408\" src=\"http:\/\/www.pzwnarew.pl\/wp-content\/uploads\/2015\/11\/20151115_124325-150x150.jpg\" alt=\"20151115_124325\" width=\"150\" height=\"150\" \/><\/a><a href=\"http:\/\/www.pzwnarew.pl\/wp-content\/uploads\/2015\/11\/20151115_124942.jpg\"><img loading=\"lazy\" decoding=\"async\" class=\"alignleft size-thumbnail wp-image-6409\" src=\"http:\/\/www.pzwnarew.pl\/wp-content\/uploads\/2015\/11\/20151115_124942-150x150.jpg\" alt=\"20151115_124942\" width=\"150\" height=\"150\" \/><\/a><a href=\"http:\/\/www.pzwnarew.pl\/wp-content\/uploads\/2015\/11\/20151115_124559.jpg\"><img loading=\"lazy\" decoding=\"async\" class=\"alignleft size-thumbnail wp-image-6410\" src=\"http:\/\/www.pzwnarew.pl\/wp-content\/uploads\/2015\/11\/20151115_124559-150x150.jpg\" alt=\"20151115_124559\" width=\"150\" height=\"150\" \/><\/a><\/p>\n","protected":false},"excerpt":{"rendered":"<p>13 listopada po po\u0142udniu cz\u0142onkowie Spo\u0142ecznej Stra\u017cy Rybackiej z ko\u0142a PZW Narew 38 podczas rutynowego patrolu zauwa\u017cyli zabarwion\u0105 na niebiesko wod\u0119 wyp\u0142ywaj\u0105c\u0105 z kana\u0142u zrzutowego nale\u017c\u0105cego do Elektrowni Ostro\u0142\u0119ka. Niezw\u0142ocznie zaalarmowani zostali inspektorzy WIO\u015a-iu. Aktualizacja W dniu 15 listopada z kana\u0142u znik\u0142a niebieska woda po naszej interwencji\u00a0 wszystko wr\u00f3ci\u0142o do stanu poprzedniego wystarczy\u0142o nie ca\u0142e 48 godzin \ud83d\ude42<\/p>\n","protected":false},"author":2,"featured_media":0,"comment_status":"open","ping_status":"closed","sticky":false,"template":"","format":"standard","meta":{"footnotes":""},"categories":[20,24],"tags":[],"class_list":["post-6399","post","type-post","status-publish","format-standard","hentry","category-newsy","category-ochrona-wod"],"_links":{"self":[{"href":"https:\/\/www.pzwnarew.pl\/index.php?rest_route=\/wp\/v2\/posts\/6399","targetHints":{"allow":["GET"]}}],"collection":[{"href":"https:\/\/www.pzwnarew.pl\/index.php?rest_route=\/wp\/v2\/posts"}],"about":[{"href":"https:\/\/www.pzwnarew.pl\/index.php?rest_route=\/wp\/v2\/types\/post"}],"author":[{"embeddable":true,"href":"https:\/\/www.pzwnarew.pl\/index.php?rest_route=\/wp\/v2\/users\/2"}],"replies":[{"embeddable":true,"href":"https:\/\/www.pzwnarew.pl\/index.php?rest_route=%2Fwp%2Fv2%2Fcomments&post=6399"}],"version-history":[{"count":8,"href":"https:\/\/www.pzwnarew.pl\/index.php?rest_route=\/wp\/v2\/posts\/6399\/revisions"}],"predecessor-version":[{"id":6419,"href":"https:\/\/www.pzwnarew.pl\/index.php?rest_route=\/wp\/v2\/posts\/6399\/revisions\/6419"}],"wp:attachment":[{"href":"https:\/\/www.pzwnarew.pl\/index.php?rest_route=%2Fwp%2Fv2%2Fmedia&parent=6399"}],"wp:term":[{"taxonomy":"category","embeddable":true,"href":"https:\/\/www.pzwnarew.pl\/index.php?rest_route=%2Fwp%2Fv2%2Fcategories&post=6399"},{"taxonomy":"post_tag","embeddable":true,"href":"https:\/\/www.pzwnarew.pl\/index.php?rest_route=%2Fwp%2Fv2%2Ftags&post=6399"}],"curies":[{"name":"wp","href":"https:\/\/api.w.org\/{rel}","templated":true}]}}