{"id":6383,"date":"2015-10-11T17:17:30","date_gmt":"2015-10-11T15:17:30","guid":{"rendered":"http:\/\/www.pzwnarew.pl\/?p=6383"},"modified":"2015-10-11T17:17:30","modified_gmt":"2015-10-11T15:17:30","slug":"zawody-straznikow-ssr-narew","status":"publish","type":"post","link":"https:\/\/www.pzwnarew.pl\/?p=6383","title":{"rendered":"Zawody stra\u017cnik\u00f3w SSR Narew"},"content":{"rendered":"<p>W dniu 11 pa\u017adziernika na jeziorze Brajnickim odby\u0142y si\u0119 zawody sp\u0142awikowo- gruntowe stra\u017cnik\u00f3w Spo\u0142ecznej <a href=\"http:\/\/www.pzwnarew.pl\/wp-content\/uploads\/2015\/10\/IMG_2625.jpg\"><img loading=\"lazy\" decoding=\"async\" class=\"alignright size-thumbnail wp-image-6384\" src=\"http:\/\/www.pzwnarew.pl\/wp-content\/uploads\/2015\/10\/IMG_2625-150x150.jpg\" alt=\"IMG_2625\" width=\"150\" height=\"150\" \/><\/a>Stra\u017cy Rybackiej z ko\u0142a PZW Narew 38 od samego rana temperatura na termometrach wskazywa\u0142a poni\u017cej zera bia\u0142a ryba \u017cerowa\u0142a bardzo s\u0142abo. Podajemy pierwsz\u0105 tr\u00f3jk\u0119 najlepszych:<br \/>\n1. Wojtkowiak Rafa\u0142<br \/>\n2. Mierzejewski Jaros\u0142aw<br \/>\n3. Warzocha Adam<br \/>\nStatuetk\u0119 za najwi\u0119ksz\u0105 ryb\u0119 otrzyma\u0142 Mierzejewski Jaros\u0142aw. Dzi\u0119kujemy wszystkim stra\u017cnikom, do zobaczenia za rok na nast\u0119pnych zawodach stra\u017cnik\u00f3w SSR Narew.<\/p>\n<p><!--more--><\/p>\n<p><a href=\"http:\/\/www.pzwnarew.pl\/gallery_pzw\/thumbnails.php?album=204\"><img loading=\"lazy\" decoding=\"async\" class=\"aligncenter size-full wp-image-4190\" src=\"http:\/\/www.pzwnarew.pl\/wp-content\/uploads\/2013\/04\/play-galeria.jpg\" alt=\"play galeria\" width=\"342\" height=\"213\" srcset=\"https:\/\/www.pzwnarew.pl\/wp-content\/uploads\/2013\/04\/play-galeria.jpg 342w, https:\/\/www.pzwnarew.pl\/wp-content\/uploads\/2013\/04\/play-galeria-300x186.jpg 300w\" sizes=\"auto, (max-width: 342px) 100vw, 342px\" \/><\/a><\/p>\n","protected":false},"excerpt":{"rendered":"<p>W dniu 11 pa\u017adziernika na jeziorze Brajnickim odby\u0142y si\u0119 zawody sp\u0142awikowo- gruntowe stra\u017cnik\u00f3w Spo\u0142ecznej Stra\u017cy Rybackiej z ko\u0142a PZW Narew 38 od samego rana temperatura na termometrach wskazywa\u0142a poni\u017cej zera bia\u0142a ryba \u017cerowa\u0142a bardzo s\u0142abo. Podajemy pierwsz\u0105 tr\u00f3jk\u0119 najlepszych: 1. Wojtkowiak Rafa\u0142 2. Mierzejewski Jaros\u0142aw 3. Warzocha Adam Statuetk\u0119 za najwi\u0119ksz\u0105 ryb\u0119 otrzyma\u0142 Mierzejewski Jaros\u0142aw. Dzi\u0119kujemy wszystkim stra\u017cnikom, do zobaczenia za rok na nast\u0119pnych zawodach stra\u017cnik\u00f3w SSR Narew.<\/p>\n","protected":false},"author":2,"featured_media":0,"comment_status":"open","ping_status":"closed","sticky":false,"template":"","format":"standard","meta":{"footnotes":""},"categories":[20,24],"tags":[],"class_list":["post-6383","post","type-post","status-publish","format-standard","hentry","category-newsy","category-ochrona-wod"],"_links":{"self":[{"href":"https:\/\/www.pzwnarew.pl\/index.php?rest_route=\/wp\/v2\/posts\/6383","targetHints":{"allow":["GET"]}}],"collection":[{"href":"https:\/\/www.pzwnarew.pl\/index.php?rest_route=\/wp\/v2\/posts"}],"about":[{"href":"https:\/\/www.pzwnarew.pl\/index.php?rest_route=\/wp\/v2\/types\/post"}],"author":[{"embeddable":true,"href":"https:\/\/www.pzwnarew.pl\/index.php?rest_route=\/wp\/v2\/users\/2"}],"replies":[{"embeddable":true,"href":"https:\/\/www.pzwnarew.pl\/index.php?rest_route=%2Fwp%2Fv2%2Fcomments&post=6383"}],"version-history":[{"count":2,"href":"https:\/\/www.pzwnarew.pl\/index.php?rest_route=\/wp\/v2\/posts\/6383\/revisions"}],"predecessor-version":[{"id":6386,"href":"https:\/\/www.pzwnarew.pl\/index.php?rest_route=\/wp\/v2\/posts\/6383\/revisions\/6386"}],"wp:attachment":[{"href":"https:\/\/www.pzwnarew.pl\/index.php?rest_route=%2Fwp%2Fv2%2Fmedia&parent=6383"}],"wp:term":[{"taxonomy":"category","embeddable":true,"href":"https:\/\/www.pzwnarew.pl\/index.php?rest_route=%2Fwp%2Fv2%2Fcategories&post=6383"},{"taxonomy":"post_tag","embeddable":true,"href":"https:\/\/www.pzwnarew.pl\/index.php?rest_route=%2Fwp%2Fv2%2Ftags&post=6383"}],"curies":[{"name":"wp","href":"https:\/\/api.w.org\/{rel}","templated":true}]}}