{"id":6378,"date":"2015-09-23T21:03:44","date_gmt":"2015-09-23T19:03:44","guid":{"rendered":"http:\/\/www.pzwnarew.pl\/?p=6378"},"modified":"2015-09-23T21:03:44","modified_gmt":"2015-09-23T19:03:44","slug":"trzech-kolegow-z-naszego-kola-na-65-leciu-pzw-w-warszawie","status":"publish","type":"post","link":"https:\/\/www.pzwnarew.pl\/?p=6378","title":{"rendered":"Trzech koleg\u00f3w z naszego ko\u0142a na 65-leciu PZW w Warszawie"},"content":{"rendered":"<p>W poniedzia\u0142ek 21 wrze\u015bnia nasz okr\u0119g mazowiecki PZW \u015bwi\u0119towa\u0142\u00a0 65 lecie Polskiego Zwi\u0105zku W\u0119dkarskiego. Do <a href=\"http:\/\/www.pzwnarew.pl\/wp-content\/uploads\/2015\/09\/P9210018.jpg\"><img loading=\"lazy\" decoding=\"async\" class=\"alignright size-thumbnail wp-image-6379\" src=\"http:\/\/www.pzwnarew.pl\/wp-content\/uploads\/2015\/09\/P9210018-150x150.jpg\" alt=\"OLYMPUS DIGITAL CAMERA\" width=\"150\" height=\"150\" \/><\/a>Domu Braci Jab\u0142kowskich w Warszawie na uroczyst\u0105 gal\u0119 przybyli liczni zaproszeni go\u015bcie: ministrowie, Pan Jacek Koz\u0142owski wojewoda mazowiecki, starosta ostro\u0142\u0119cki Stanis\u0142aw Kube\u0142 zapalony w\u0119dkarz z naszego ko\u0142a, wiceprezes Narwi Wojciech Jarzab\u0119k i wiele innych prominentnych\u00a0 os\u00f3b. By\u0142a to tez okazja do wr\u0119czenia odznacze\u0144 pa\u0144stwowych, resortowych i zwi\u0105zkowych. W\u015br\u00f3d uhonorowanych go\u015bci znalaz\u0142 si\u0119 delegat naszego ko\u0142a Stanis\u0142aw Pliszka, kt\u00f3remu w imieniu Marsza\u0142ka Wojew\u00f3dztwa Mazowieckiego wr\u0119czono Dyplom w uznaniu wieloletnich zas\u0142ug dzia\u0142alno\u015bci na rzecz gospodarki wodnej. By\u0142 te\u017c wyst\u0119p, pocz\u0119stunek i jubileuszowy <!--more-->tort. Szczeg\u00f3\u0142ow\u0105 relacj\u0119 zapewne zamie\u015bci na swojej stronie internetowej Zarz\u0105d Okr\u0119gu Mazowieckiego i Wiadomo\u015bci W\u0119dkarskie wi\u0119c nie b\u0119dziemy si\u0119 powtarza\u0107 i ograniczymy do publikacji zdj\u0119\u0107 dokumentuj\u0105cy udzia\u0142 naszych koleg\u00f3w.<\/p>\n<p><a href=\"http:\/\/www.pzwnarew.pl\/gallery_pzw\/thumbnails.php?album=203\"><img loading=\"lazy\" decoding=\"async\" class=\"aligncenter size-full wp-image-4190\" src=\"http:\/\/www.pzwnarew.pl\/wp-content\/uploads\/2013\/04\/play-galeria.jpg\" alt=\"play galeria\" width=\"342\" height=\"213\" srcset=\"https:\/\/www.pzwnarew.pl\/wp-content\/uploads\/2013\/04\/play-galeria.jpg 342w, https:\/\/www.pzwnarew.pl\/wp-content\/uploads\/2013\/04\/play-galeria-300x186.jpg 300w\" sizes=\"auto, (max-width: 342px) 100vw, 342px\" \/><\/a><\/p>\n","protected":false},"excerpt":{"rendered":"<p>W poniedzia\u0142ek 21 wrze\u015bnia nasz okr\u0119g mazowiecki PZW \u015bwi\u0119towa\u0142\u00a0 65 lecie Polskiego Zwi\u0105zku W\u0119dkarskiego. Do Domu Braci Jab\u0142kowskich w Warszawie na uroczyst\u0105 gal\u0119 przybyli liczni zaproszeni go\u015bcie: ministrowie, Pan Jacek Koz\u0142owski wojewoda mazowiecki, starosta ostro\u0142\u0119cki Stanis\u0142aw Kube\u0142 zapalony w\u0119dkarz z naszego ko\u0142a, wiceprezes Narwi Wojciech Jarzab\u0119k i wiele innych prominentnych\u00a0 os\u00f3b. By\u0142a to tez okazja do wr\u0119czenia odznacze\u0144 pa\u0144stwowych, resortowych i zwi\u0105zkowych. W\u015br\u00f3d uhonorowanych go\u015bci znalaz\u0142 si\u0119 delegat naszego ko\u0142a Stanis\u0142aw Pliszka, kt\u00f3remu w imieniu Marsza\u0142ka Wojew\u00f3dztwa Mazowieckiego wr\u0119czono Dyplom&#8230;<\/p>\n<p class=\"read-more\"><a class=\"btn btn-default\" href=\"https:\/\/www.pzwnarew.pl\/?p=6378\"> Read More<span class=\"screen-reader-text\">  Read More<\/span><\/a><\/p>\n","protected":false},"author":2,"featured_media":0,"comment_status":"open","ping_status":"closed","sticky":false,"template":"","format":"standard","meta":{"footnotes":""},"categories":[20],"tags":[],"class_list":["post-6378","post","type-post","status-publish","format-standard","hentry","category-newsy"],"_links":{"self":[{"href":"https:\/\/www.pzwnarew.pl\/index.php?rest_route=\/wp\/v2\/posts\/6378","targetHints":{"allow":["GET"]}}],"collection":[{"href":"https:\/\/www.pzwnarew.pl\/index.php?rest_route=\/wp\/v2\/posts"}],"about":[{"href":"https:\/\/www.pzwnarew.pl\/index.php?rest_route=\/wp\/v2\/types\/post"}],"author":[{"embeddable":true,"href":"https:\/\/www.pzwnarew.pl\/index.php?rest_route=\/wp\/v2\/users\/2"}],"replies":[{"embeddable":true,"href":"https:\/\/www.pzwnarew.pl\/index.php?rest_route=%2Fwp%2Fv2%2Fcomments&post=6378"}],"version-history":[{"count":2,"href":"https:\/\/www.pzwnarew.pl\/index.php?rest_route=\/wp\/v2\/posts\/6378\/revisions"}],"predecessor-version":[{"id":6381,"href":"https:\/\/www.pzwnarew.pl\/index.php?rest_route=\/wp\/v2\/posts\/6378\/revisions\/6381"}],"wp:attachment":[{"href":"https:\/\/www.pzwnarew.pl\/index.php?rest_route=%2Fwp%2Fv2%2Fmedia&parent=6378"}],"wp:term":[{"taxonomy":"category","embeddable":true,"href":"https:\/\/www.pzwnarew.pl\/index.php?rest_route=%2Fwp%2Fv2%2Fcategories&post=6378"},{"taxonomy":"post_tag","embeddable":true,"href":"https:\/\/www.pzwnarew.pl\/index.php?rest_route=%2Fwp%2Fv2%2Ftags&post=6378"}],"curies":[{"name":"wp","href":"https:\/\/api.w.org\/{rel}","templated":true}]}}