{"id":6362,"date":"2015-09-12T16:57:56","date_gmt":"2015-09-12T14:57:56","guid":{"rendered":"http:\/\/www.pzwnarew.pl\/?p=6362"},"modified":"2015-09-12T16:57:56","modified_gmt":"2015-09-12T14:57:56","slug":"kolejne-sprzatanie-brzegow-narwi","status":"publish","type":"post","link":"https:\/\/www.pzwnarew.pl\/?p=6362","title":{"rendered":"Kolejne sprz\u0105tanie brzeg\u00f3w Narwi"},"content":{"rendered":"<p>W dniu 12.09.2015 odby\u0142o si\u0119 kolejne sprz\u0105tanie brzeg\u00f3w rzeki Narew. Tym razem cz\u0142onkowie naszego ko\u0142a <a href=\"http:\/\/www.pzwnarew.pl\/wp-content\/uploads\/2015\/09\/IMG_2410.jpg\"><img loading=\"lazy\" decoding=\"async\" class=\"alignright size-thumbnail wp-image-6363\" src=\"http:\/\/www.pzwnarew.pl\/wp-content\/uploads\/2015\/09\/IMG_2410-150x150.jpg\" alt=\"IMG_2410\" width=\"150\" height=\"150\" \/><\/a>do\u0142\u0105czyli do wsp\u00f3lnego sprz\u0105tania \u015bmieci. odby\u0142o si\u0119 ono w okolicach mostu kolejowego. Inicjatorem sprz\u0105tania jest Radny Maciej Kleczkowski . W przeci\u0105gu godziny zosta\u0142o zebrane kilkadziesi\u0105t work\u00f3w \u015bmieci, znak drogowy oraz koszyk z biedronki. Uzgodnili\u015bmy z Radnym M. Kleczkowskim kolejn\u0105 tak\u0105 akcj\u0119 za dwa tygodnie<br \/>\nChcemy zebra\u0107 wszystkie przedmioty utopione od kilkunastu lat w Narwi korzystaj\u0105c z rekordowego w tym roku niskiego poziomu wody.<br \/>\nDzi\u0119kujemy wszystkim za wsp\u00f3lne sprz\u0105tanie i zapraszamy za dwa tygodnie. <!--more--><\/p>\n<p>&nbsp;<\/p>\n<p><a href=\"http:\/\/www.pzwnarew.pl\/gallery_pzw\/thumbnails.php?album=201\"><img loading=\"lazy\" decoding=\"async\" class=\"aligncenter size-full wp-image-4190\" src=\"http:\/\/www.pzwnarew.pl\/wp-content\/uploads\/2013\/04\/play-galeria.jpg\" alt=\"play galeria\" width=\"342\" height=\"213\" srcset=\"https:\/\/www.pzwnarew.pl\/wp-content\/uploads\/2013\/04\/play-galeria.jpg 342w, https:\/\/www.pzwnarew.pl\/wp-content\/uploads\/2013\/04\/play-galeria-300x186.jpg 300w\" sizes=\"auto, (max-width: 342px) 100vw, 342px\" \/><\/a><\/p>\n<p>&nbsp;<\/p>\n<p>&nbsp;<\/p>\n<p>&nbsp;<\/p>\n<p>&nbsp;<\/p>\n<p>&nbsp;<\/p>\n","protected":false},"excerpt":{"rendered":"<p>W dniu 12.09.2015 odby\u0142o si\u0119 kolejne sprz\u0105tanie brzeg\u00f3w rzeki Narew. Tym razem cz\u0142onkowie naszego ko\u0142a do\u0142\u0105czyli do wsp\u00f3lnego sprz\u0105tania \u015bmieci. odby\u0142o si\u0119 ono w okolicach mostu kolejowego. Inicjatorem sprz\u0105tania jest Radny Maciej Kleczkowski . W przeci\u0105gu godziny zosta\u0142o zebrane kilkadziesi\u0105t work\u00f3w \u015bmieci, znak drogowy oraz koszyk z biedronki. Uzgodnili\u015bmy z Radnym M. Kleczkowskim kolejn\u0105 tak\u0105 akcj\u0119 za dwa tygodnie Chcemy zebra\u0107 wszystkie przedmioty utopione od kilkunastu lat w Narwi korzystaj\u0105c z rekordowego w tym roku niskiego poziomu wody. Dzi\u0119kujemy wszystkim&#8230;<\/p>\n<p class=\"read-more\"><a class=\"btn btn-default\" href=\"https:\/\/www.pzwnarew.pl\/?p=6362\"> Read More<span class=\"screen-reader-text\">  Read More<\/span><\/a><\/p>\n","protected":false},"author":2,"featured_media":0,"comment_status":"open","ping_status":"closed","sticky":false,"template":"","format":"standard","meta":{"footnotes":""},"categories":[20],"tags":[],"class_list":["post-6362","post","type-post","status-publish","format-standard","hentry","category-newsy"],"_links":{"self":[{"href":"https:\/\/www.pzwnarew.pl\/index.php?rest_route=\/wp\/v2\/posts\/6362","targetHints":{"allow":["GET"]}}],"collection":[{"href":"https:\/\/www.pzwnarew.pl\/index.php?rest_route=\/wp\/v2\/posts"}],"about":[{"href":"https:\/\/www.pzwnarew.pl\/index.php?rest_route=\/wp\/v2\/types\/post"}],"author":[{"embeddable":true,"href":"https:\/\/www.pzwnarew.pl\/index.php?rest_route=\/wp\/v2\/users\/2"}],"replies":[{"embeddable":true,"href":"https:\/\/www.pzwnarew.pl\/index.php?rest_route=%2Fwp%2Fv2%2Fcomments&post=6362"}],"version-history":[{"count":1,"href":"https:\/\/www.pzwnarew.pl\/index.php?rest_route=\/wp\/v2\/posts\/6362\/revisions"}],"predecessor-version":[{"id":6364,"href":"https:\/\/www.pzwnarew.pl\/index.php?rest_route=\/wp\/v2\/posts\/6362\/revisions\/6364"}],"wp:attachment":[{"href":"https:\/\/www.pzwnarew.pl\/index.php?rest_route=%2Fwp%2Fv2%2Fmedia&parent=6362"}],"wp:term":[{"taxonomy":"category","embeddable":true,"href":"https:\/\/www.pzwnarew.pl\/index.php?rest_route=%2Fwp%2Fv2%2Fcategories&post=6362"},{"taxonomy":"post_tag","embeddable":true,"href":"https:\/\/www.pzwnarew.pl\/index.php?rest_route=%2Fwp%2Fv2%2Ftags&post=6362"}],"curies":[{"name":"wp","href":"https:\/\/api.w.org\/{rel}","templated":true}]}}