{"id":6350,"date":"2015-09-02T12:00:54","date_gmt":"2015-09-02T10:00:54","guid":{"rendered":"http:\/\/www.pzwnarew.pl\/?p=6350"},"modified":"2015-09-02T12:05:24","modified_gmt":"2015-09-02T10:05:24","slug":"zlapani-na-goracym-w-dzbeninie","status":"publish","type":"post","link":"https:\/\/www.pzwnarew.pl\/?p=6350","title":{"rendered":"Z\u0142apani na gor\u0105cym w Dzbeninie"},"content":{"rendered":"<p>W nocy z 1 na 2 wrze\u015bnia dwaj m\u0119\u017cczy\u017ani zatrzymani zostali przez Spo\u0142eczn\u0105 Stra\u017c Ryback\u0105 z ko\u0142a PZW Narew<a href=\"http:\/\/www.pzwnarew.pl\/wp-content\/uploads\/2015\/09\/20150901_232106.jpg\"><img loading=\"lazy\" decoding=\"async\" class=\"alignright wp-image-6351 size-thumbnail\" src=\"http:\/\/www.pzwnarew.pl\/wp-content\/uploads\/2015\/09\/20150901_232106-e1441187990355-150x150.jpg\" alt=\"20150901_232106\" width=\"150\" height=\"150\" \/><\/a> podczas nielegalnego od\u0142owu ryb nad rzek\u0105 Narew w miejscowo\u015bci Dzbenin. Zabezpieczono sanie oraz 6 szczupak\u00f3w po 20 cm, dwa okonie oraz p\u0142o\u0107.<br \/>\nTrzeci z m\u0119\u017cczyzn na widok stra\u017cnik\u00f3w wskoczy\u0142 do Narwi i pop\u0142yn\u0105 w pr\u0105dem rzeki. Na miejsce wezwano policj\u0119, t\u0105 noc k\u0142usownicy sp\u0119dzili na komisariacie. M\u0119\u017cczy\u017ani to mieszka\u0144cy Dzbenina w wieku 17 i 21 lat. Zgodnie z ustaw\u0105 o rybactwie \u015br\u00f3dl\u0105dowym za k\u0142usowniczy po\u0142\u00f3w ryb grozi\u0107 mo\u017ce kara do 2 lat pozbawienia wolno\u015bci.<\/p>\n<p><!--more--><\/p>\n<p>&nbsp;<\/p>\n<p><a href=\"http:\/\/www.pzwnarew.pl\/gallery_pzw\/thumbnails.php?album=200\"><img loading=\"lazy\" decoding=\"async\" class=\"aligncenter size-full wp-image-4190\" src=\"http:\/\/www.pzwnarew.pl\/wp-content\/uploads\/2013\/04\/play-galeria.jpg\" alt=\"play galeria\" width=\"342\" height=\"213\" srcset=\"https:\/\/www.pzwnarew.pl\/wp-content\/uploads\/2013\/04\/play-galeria.jpg 342w, https:\/\/www.pzwnarew.pl\/wp-content\/uploads\/2013\/04\/play-galeria-300x186.jpg 300w\" sizes=\"auto, (max-width: 342px) 100vw, 342px\" \/><\/a><\/p>\n<p>&nbsp;<\/p>\n<p>&nbsp;<\/p>\n","protected":false},"excerpt":{"rendered":"<p>W nocy z 1 na 2 wrze\u015bnia dwaj m\u0119\u017cczy\u017ani zatrzymani zostali przez Spo\u0142eczn\u0105 Stra\u017c Ryback\u0105 z ko\u0142a PZW Narew podczas nielegalnego od\u0142owu ryb nad rzek\u0105 Narew w miejscowo\u015bci Dzbenin. Zabezpieczono sanie oraz 6 szczupak\u00f3w po 20 cm, dwa okonie oraz p\u0142o\u0107. Trzeci z m\u0119\u017cczyzn na widok stra\u017cnik\u00f3w wskoczy\u0142 do Narwi i pop\u0142yn\u0105 w pr\u0105dem rzeki. Na miejsce wezwano policj\u0119, t\u0105 noc k\u0142usownicy sp\u0119dzili na komisariacie. M\u0119\u017cczy\u017ani to mieszka\u0144cy Dzbenina w wieku 17 i 21 lat. Zgodnie z ustaw\u0105 o rybactwie&#8230;<\/p>\n<p class=\"read-more\"><a class=\"btn btn-default\" href=\"https:\/\/www.pzwnarew.pl\/?p=6350\"> Read More<span class=\"screen-reader-text\">  Read More<\/span><\/a><\/p>\n","protected":false},"author":2,"featured_media":0,"comment_status":"open","ping_status":"closed","sticky":false,"template":"","format":"standard","meta":{"footnotes":""},"categories":[20,24],"tags":[],"class_list":["post-6350","post","type-post","status-publish","format-standard","hentry","category-newsy","category-ochrona-wod"],"_links":{"self":[{"href":"https:\/\/www.pzwnarew.pl\/index.php?rest_route=\/wp\/v2\/posts\/6350","targetHints":{"allow":["GET"]}}],"collection":[{"href":"https:\/\/www.pzwnarew.pl\/index.php?rest_route=\/wp\/v2\/posts"}],"about":[{"href":"https:\/\/www.pzwnarew.pl\/index.php?rest_route=\/wp\/v2\/types\/post"}],"author":[{"embeddable":true,"href":"https:\/\/www.pzwnarew.pl\/index.php?rest_route=\/wp\/v2\/users\/2"}],"replies":[{"embeddable":true,"href":"https:\/\/www.pzwnarew.pl\/index.php?rest_route=%2Fwp%2Fv2%2Fcomments&post=6350"}],"version-history":[{"count":2,"href":"https:\/\/www.pzwnarew.pl\/index.php?rest_route=\/wp\/v2\/posts\/6350\/revisions"}],"predecessor-version":[{"id":6353,"href":"https:\/\/www.pzwnarew.pl\/index.php?rest_route=\/wp\/v2\/posts\/6350\/revisions\/6353"}],"wp:attachment":[{"href":"https:\/\/www.pzwnarew.pl\/index.php?rest_route=%2Fwp%2Fv2%2Fmedia&parent=6350"}],"wp:term":[{"taxonomy":"category","embeddable":true,"href":"https:\/\/www.pzwnarew.pl\/index.php?rest_route=%2Fwp%2Fv2%2Fcategories&post=6350"},{"taxonomy":"post_tag","embeddable":true,"href":"https:\/\/www.pzwnarew.pl\/index.php?rest_route=%2Fwp%2Fv2%2Ftags&post=6350"}],"curies":[{"name":"wp","href":"https:\/\/api.w.org\/{rel}","templated":true}]}}