{"id":6342,"date":"2015-08-29T13:47:54","date_gmt":"2015-08-29T11:47:54","guid":{"rendered":"http:\/\/www.pzwnarew.pl\/?p=6342"},"modified":"2015-09-07T20:36:47","modified_gmt":"2015-09-07T18:36:47","slug":"zniszczyli-linie-brzegowa-w-laskowcu","status":"publish","type":"post","link":"https:\/\/www.pzwnarew.pl\/?p=6342","title":{"rendered":"Zniszczyli lini\u0119 brzegow\u0105 w Laskowcu"},"content":{"rendered":"<p>Jeden z naszych stra\u017cnik\u00f3w w dniu dzisiejszym poinformowa\u0142 nas o zniszczeniu linii brzegowej w miejscowo\u015bci <a href=\"http:\/\/www.pzwnarew.pl\/wp-content\/uploads\/2015\/08\/11891089_495965147246600_7398480722251909437_n.jpg\"><img loading=\"lazy\" decoding=\"async\" class=\"alignright wp-image-6343 size-thumbnail\" src=\"http:\/\/www.pzwnarew.pl\/wp-content\/uploads\/2015\/08\/11891089_495965147246600_7398480722251909437_n-150x150.jpg\" alt=\"11891089_495965147246600_7398480722251909437_n\" width=\"150\" height=\"150\" \/><\/a>Laskowiec kto\u015b zakopa\u0142 dop\u0142yw do starorzecza Narwi a konkretnie chodzi o tzw. Rogal w poniedzia\u0142ek poinformujemy RZGW i b\u0119dziemy walczy\u0107 o przywr\u00f3cenie linii brzegowej do pierwotnego stanu. Prawdopodobnie w\u0142a\u015bciciel ziemi za starorzeczem rogal chcia\u0142 doje\u017cd\u017ca\u0107 traktorem na pole i w nocy zakopa\u0142 dop\u0142yw. Do sprawy wr\u00f3cimy.<\/p>\n<p>Aktualizacja<\/p>\n<p>PO NASZEJ INTERWENCJI I SZYBKIEJ REAKCJI STRA\u017bNIK\u00d3W Z KO\u0141A PZW NAREW 38 W DNIU 2 WRZE\u015aNIA &#8222;SPRAWCY&#8221; PRZYWR\u00d3CILI STAN PO\u0141\u0104CZENIA STARORZECZA &#8222;ROGAL&#8221; Z NARWI\u0104<\/p>\n<figure id=\"attachment_6359\" aria-describedby=\"caption-attachment-6359\" style=\"width: 150px\" class=\"wp-caption alignright\"><a href=\"http:\/\/www.pzwnarew.pl\/wp-content\/uploads\/2015\/08\/11953045_498175507011849_2793119271456712417_n.jpg\"><img loading=\"lazy\" decoding=\"async\" class=\"wp-image-6359 size-thumbnail\" src=\"http:\/\/www.pzwnarew.pl\/wp-content\/uploads\/2015\/08\/11953045_498175507011849_2793119271456712417_n-150x150.jpg\" alt=\"11953045_498175507011849_2793119271456712417_n\" width=\"150\" height=\"150\" \/><\/a><figcaption id=\"caption-attachment-6359\" class=\"wp-caption-text\">Po naszej interwencji wygl\u0105da to tak<\/figcaption><\/figure>\n<figure id=\"attachment_6360\" aria-describedby=\"caption-attachment-6360\" style=\"width: 150px\" class=\"wp-caption alignright\"><a href=\"http:\/\/www.pzwnarew.pl\/wp-content\/uploads\/2015\/08\/10639528_498175523678514_5427019785496939950_n.jpg\"><img loading=\"lazy\" decoding=\"async\" class=\"wp-image-6360 size-thumbnail\" src=\"http:\/\/www.pzwnarew.pl\/wp-content\/uploads\/2015\/08\/10639528_498175523678514_5427019785496939950_n-150x150.jpg\" alt=\"\" width=\"150\" height=\"150\" \/><\/a><figcaption id=\"caption-attachment-6360\" class=\"wp-caption-text\">Po naszej interwencji wygl\u0105da to tak<\/figcaption><\/figure>\n<p>&nbsp;<\/p>\n<p><!--more--><\/p>\n<p>&nbsp;<\/p>\n<p><a href=\"http:\/\/www.pzwnarew.pl\/gallery_pzw\/thumbnails.php?album=199\"><img loading=\"lazy\" decoding=\"async\" class=\"aligncenter size-full wp-image-4190\" src=\"http:\/\/www.pzwnarew.pl\/wp-content\/uploads\/2013\/04\/play-galeria.jpg\" alt=\"play galeria\" width=\"342\" height=\"213\" srcset=\"https:\/\/www.pzwnarew.pl\/wp-content\/uploads\/2013\/04\/play-galeria.jpg 342w, https:\/\/www.pzwnarew.pl\/wp-content\/uploads\/2013\/04\/play-galeria-300x186.jpg 300w\" sizes=\"auto, (max-width: 342px) 100vw, 342px\" \/><\/a><\/p>\n","protected":false},"excerpt":{"rendered":"<p>Jeden z naszych stra\u017cnik\u00f3w w dniu dzisiejszym poinformowa\u0142 nas o zniszczeniu linii brzegowej w miejscowo\u015bci Laskowiec kto\u015b zakopa\u0142 dop\u0142yw do starorzecza Narwi a konkretnie chodzi o tzw. Rogal w poniedzia\u0142ek poinformujemy RZGW i b\u0119dziemy walczy\u0107 o przywr\u00f3cenie linii brzegowej do pierwotnego stanu. Prawdopodobnie w\u0142a\u015bciciel ziemi za starorzeczem rogal chcia\u0142 doje\u017cd\u017ca\u0107 traktorem na pole i w nocy zakopa\u0142 dop\u0142yw. Do sprawy wr\u00f3cimy. Aktualizacja PO NASZEJ INTERWENCJI I SZYBKIEJ REAKCJI STRA\u017bNIK\u00d3W Z KO\u0141A PZW NAREW 38 W DNIU 2 WRZE\u015aNIA &#8222;SPRAWCY&#8221; PRZYWR\u00d3CILI&#8230;<\/p>\n<p class=\"read-more\"><a class=\"btn btn-default\" href=\"https:\/\/www.pzwnarew.pl\/?p=6342\"> Read More<span class=\"screen-reader-text\">  Read More<\/span><\/a><\/p>\n","protected":false},"author":2,"featured_media":0,"comment_status":"open","ping_status":"closed","sticky":false,"template":"","format":"standard","meta":{"footnotes":""},"categories":[20],"tags":[],"class_list":["post-6342","post","type-post","status-publish","format-standard","hentry","category-newsy"],"_links":{"self":[{"href":"https:\/\/www.pzwnarew.pl\/index.php?rest_route=\/wp\/v2\/posts\/6342","targetHints":{"allow":["GET"]}}],"collection":[{"href":"https:\/\/www.pzwnarew.pl\/index.php?rest_route=\/wp\/v2\/posts"}],"about":[{"href":"https:\/\/www.pzwnarew.pl\/index.php?rest_route=\/wp\/v2\/types\/post"}],"author":[{"embeddable":true,"href":"https:\/\/www.pzwnarew.pl\/index.php?rest_route=\/wp\/v2\/users\/2"}],"replies":[{"embeddable":true,"href":"https:\/\/www.pzwnarew.pl\/index.php?rest_route=%2Fwp%2Fv2%2Fcomments&post=6342"}],"version-history":[{"count":4,"href":"https:\/\/www.pzwnarew.pl\/index.php?rest_route=\/wp\/v2\/posts\/6342\/revisions"}],"predecessor-version":[{"id":6361,"href":"https:\/\/www.pzwnarew.pl\/index.php?rest_route=\/wp\/v2\/posts\/6342\/revisions\/6361"}],"wp:attachment":[{"href":"https:\/\/www.pzwnarew.pl\/index.php?rest_route=%2Fwp%2Fv2%2Fmedia&parent=6342"}],"wp:term":[{"taxonomy":"category","embeddable":true,"href":"https:\/\/www.pzwnarew.pl\/index.php?rest_route=%2Fwp%2Fv2%2Fcategories&post=6342"},{"taxonomy":"post_tag","embeddable":true,"href":"https:\/\/www.pzwnarew.pl\/index.php?rest_route=%2Fwp%2Fv2%2Ftags&post=6342"}],"curies":[{"name":"wp","href":"https:\/\/api.w.org\/{rel}","templated":true}]}}