{"id":6332,"date":"2015-08-20T21:34:43","date_gmt":"2015-08-20T19:34:43","guid":{"rendered":"http:\/\/www.pzwnarew.pl\/?p=6332"},"modified":"2015-08-20T21:34:43","modified_gmt":"2015-08-20T19:34:43","slug":"dno-narwi-wysprzatane","status":"publish","type":"post","link":"https:\/\/www.pzwnarew.pl\/?p=6332","title":{"rendered":"DNO NARWI WYSPRZ\u0104TANE"},"content":{"rendered":"<p>Korzystaj\u0105c z zaproszenia Radnego Miejskiego Macieja Kleczkowskiego w\u0119dkarze z naszego ko\u0142a do\u0142\u0105czyli do akcji <a href=\"http:\/\/www.pzwnarew.pl\/wp-content\/uploads\/2015\/08\/IMG_2443.jpg\"><img loading=\"lazy\" decoding=\"async\" class=\"alignright size-thumbnail wp-image-6333\" src=\"http:\/\/www.pzwnarew.pl\/wp-content\/uploads\/2015\/08\/IMG_2443-150x150.jpg\" alt=\"IMG_2443\" width=\"150\" height=\"150\" \/><\/a>sprz\u0105tania brzeg\u00f3w i dna Narwi.<br \/>\nZ uwagi na bardzo niski stan wody mo\u017cna pozbiera\u0107 \u015bmieci , kt\u00f3re w ubieg\u0142ych latach by\u0142y niedost\u0119pne. W akcji uczestniczyli tak\u017ce cz\u0142onkowie Stowarzyszenia \u201eEKOMENA\u201d .<br \/>\nPo blisko dwugodzinnej akcji zebrali\u015bmy kilkadziesi\u0105t 120 litrowych work\u00f3w \u015bmieci.<br \/>\nUzgodnili\u015bmy z Radnym M. Kleczkowskim jeszcze jedna tak\u0105 akcj\u0119 na wtorek 25 sierpnia na godz. 18.00 przy boksach na pla\u017cy miejskiej.<br \/>\nChcemy zebra\u0107 wszystkie przedmioty utopione od kilkunastu lat w Narwi korzystaj\u0105c z rekordowego w tym roku niskiego poziomu wody. <!--more--><\/p>\n<p>Dzi\u0119kujemy wszystkim za wsp\u00f3lne sprz\u0105tanie i zapraszamy we wtorek.<br \/>\n<a href=\"http:\/\/www.pzwnarew.pl\/gallery_pzw\/thumbnails.php?album=197\"><img loading=\"lazy\" decoding=\"async\" class=\"aligncenter size-full wp-image-4190\" src=\"http:\/\/www.pzwnarew.pl\/wp-content\/uploads\/2013\/04\/play-galeria.jpg\" alt=\"play galeria\" width=\"342\" height=\"213\" srcset=\"https:\/\/www.pzwnarew.pl\/wp-content\/uploads\/2013\/04\/play-galeria.jpg 342w, https:\/\/www.pzwnarew.pl\/wp-content\/uploads\/2013\/04\/play-galeria-300x186.jpg 300w\" sizes=\"auto, (max-width: 342px) 100vw, 342px\" \/><\/a><\/p>\n","protected":false},"excerpt":{"rendered":"<p>Korzystaj\u0105c z zaproszenia Radnego Miejskiego Macieja Kleczkowskiego w\u0119dkarze z naszego ko\u0142a do\u0142\u0105czyli do akcji sprz\u0105tania brzeg\u00f3w i dna Narwi. Z uwagi na bardzo niski stan wody mo\u017cna pozbiera\u0107 \u015bmieci , kt\u00f3re w ubieg\u0142ych latach by\u0142y niedost\u0119pne. W akcji uczestniczyli tak\u017ce cz\u0142onkowie Stowarzyszenia \u201eEKOMENA\u201d . Po blisko dwugodzinnej akcji zebrali\u015bmy kilkadziesi\u0105t 120 litrowych work\u00f3w \u015bmieci. Uzgodnili\u015bmy z Radnym M. Kleczkowskim jeszcze jedna tak\u0105 akcj\u0119 na wtorek 25 sierpnia na godz. 18.00 przy boksach na pla\u017cy miejskiej. Chcemy zebra\u0107 wszystkie przedmioty utopione&#8230;<\/p>\n<p class=\"read-more\"><a class=\"btn btn-default\" href=\"https:\/\/www.pzwnarew.pl\/?p=6332\"> Read More<span class=\"screen-reader-text\">  Read More<\/span><\/a><\/p>\n","protected":false},"author":2,"featured_media":0,"comment_status":"open","ping_status":"closed","sticky":false,"template":"","format":"standard","meta":{"footnotes":""},"categories":[20],"tags":[],"class_list":["post-6332","post","type-post","status-publish","format-standard","hentry","category-newsy"],"_links":{"self":[{"href":"https:\/\/www.pzwnarew.pl\/index.php?rest_route=\/wp\/v2\/posts\/6332","targetHints":{"allow":["GET"]}}],"collection":[{"href":"https:\/\/www.pzwnarew.pl\/index.php?rest_route=\/wp\/v2\/posts"}],"about":[{"href":"https:\/\/www.pzwnarew.pl\/index.php?rest_route=\/wp\/v2\/types\/post"}],"author":[{"embeddable":true,"href":"https:\/\/www.pzwnarew.pl\/index.php?rest_route=\/wp\/v2\/users\/2"}],"replies":[{"embeddable":true,"href":"https:\/\/www.pzwnarew.pl\/index.php?rest_route=%2Fwp%2Fv2%2Fcomments&post=6332"}],"version-history":[{"count":1,"href":"https:\/\/www.pzwnarew.pl\/index.php?rest_route=\/wp\/v2\/posts\/6332\/revisions"}],"predecessor-version":[{"id":6334,"href":"https:\/\/www.pzwnarew.pl\/index.php?rest_route=\/wp\/v2\/posts\/6332\/revisions\/6334"}],"wp:attachment":[{"href":"https:\/\/www.pzwnarew.pl\/index.php?rest_route=%2Fwp%2Fv2%2Fmedia&parent=6332"}],"wp:term":[{"taxonomy":"category","embeddable":true,"href":"https:\/\/www.pzwnarew.pl\/index.php?rest_route=%2Fwp%2Fv2%2Fcategories&post=6332"},{"taxonomy":"post_tag","embeddable":true,"href":"https:\/\/www.pzwnarew.pl\/index.php?rest_route=%2Fwp%2Fv2%2Ftags&post=6332"}],"curies":[{"name":"wp","href":"https:\/\/api.w.org\/{rel}","templated":true}]}}