{"id":6291,"date":"2015-07-11T16:15:09","date_gmt":"2015-07-11T14:15:09","guid":{"rendered":"http:\/\/www.pzwnarew.pl\/?p=6291"},"modified":"2015-07-12T16:56:46","modified_gmt":"2015-07-12T14:56:46","slug":"slub-naszego-kolegi","status":"publish","type":"post","link":"https:\/\/www.pzwnarew.pl\/?p=6291","title":{"rendered":"\u015alub naszego kolegi"},"content":{"rendered":"<div class=\"_5wd9\" data-reactid=\".20.$mid=11436619981588=29f1f2b998a440b1e52.2:0\">\n<div class=\"_5wde\" data-reactid=\".20.$mid=11436619981588=29f1f2b998a440b1e52.2:0.0\">\n<div class=\"_5w1r _5wdf _3okg\" data-reactid=\".20.$mid=11436619981588=29f1f2b998a440b1e52.2:0.0.0\">\n<div class=\"_d97\" data-reactid=\".20.$mid=11436619981588=29f1f2b998a440b1e52.2:0.0.0.0\"><span class=\"_5yl5\" data-reactid=\".20.$mid=11436619981588=29f1f2b998a440b1e52.2:0.0.0.0.0\"><span data-reactid=\".20.$mid=11436619981588=29f1f2b998a440b1e52.2:0.0.0.0.0.0\">W dniu 11 lipca jeden z naszych dzia\u0142aczy\u00a0 oraz stra\u017cnik SSR Narew 38 wzi\u0105\u0142 \u015blub. W imieniu ca\u0142ego zarz\u0105du ko\u0142a oraz stra\u017cnik\u00f3w <a href=\"http:\/\/www.pzwnarew.pl\/wp-content\/uploads\/2015\/07\/IMG_2301.jpg\"><img loading=\"lazy\" decoding=\"async\" class=\"alignright size-thumbnail wp-image-6292\" src=\"http:\/\/www.pzwnarew.pl\/wp-content\/uploads\/2015\/07\/IMG_2301-150x150.jpg\" alt=\"IMG_2301\" width=\"150\" height=\"150\" \/><\/a>SSR Narew 38 \u017cyczymy wszystkiego najlepszego na nowej drodze \u017cycia.<\/span><\/span><\/div>\n<div class=\"_d97\" data-reactid=\".20.$mid=11436619981588=29f1f2b998a440b1e52.2:0.0.0.0\">Z w\u0119dkarskim pozdrowieniem:<\/div>\n<div class=\"_d97\" data-reactid=\".20.$mid=11436619981588=29f1f2b998a440b1e52.2:0.0.0.0\">Zarz\u0105d ko\u0142a Narew oraz grupa SSR Narew<\/div>\n<div class=\"_d97\" data-reactid=\".20.$mid=11436619981588=29f1f2b998a440b1e52.2:0.0.0.0\"><\/div>\n<div class=\"_d97\" data-reactid=\".20.$mid=11436619981588=29f1f2b998a440b1e52.2:0.0.0.0\"><\/div>\n<div class=\"_d97\" data-reactid=\".20.$mid=11436619981588=29f1f2b998a440b1e52.2:0.0.0.0\"><\/div>\n<div class=\"_d97\" data-reactid=\".20.$mid=11436619981588=29f1f2b998a440b1e52.2:0.0.0.0\"><\/div>\n<div class=\"_d97\" data-reactid=\".20.$mid=11436619981588=29f1f2b998a440b1e52.2:0.0.0.0\"><\/div>\n<div class=\"_d97\" data-reactid=\".20.$mid=11436619981588=29f1f2b998a440b1e52.2:0.0.0.0\"><\/div>\n<div class=\"_d97\" data-reactid=\".20.$mid=11436619981588=29f1f2b998a440b1e52.2:0.0.0.0\"><\/div>\n<div class=\"_d97\" data-reactid=\".20.$mid=11436619981588=29f1f2b998a440b1e52.2:0.0.0.0\"><\/div>\n<div class=\"_d97\" data-reactid=\".20.$mid=11436619981588=29f1f2b998a440b1e52.2:0.0.0.0\"><\/div>\n<div class=\"_d97\" data-reactid=\".20.$mid=11436619981588=29f1f2b998a440b1e52.2:0.0.0.0\"><a href=\"http:\/\/www.pzwnarew.pl\/gallery_pzw\/thumbnails.php?album=193\"><img loading=\"lazy\" decoding=\"async\" class=\"aligncenter size-full wp-image-4190\" src=\"http:\/\/www.pzwnarew.pl\/wp-content\/uploads\/2013\/04\/play-galeria.jpg\" alt=\"play galeria\" width=\"342\" height=\"213\" srcset=\"https:\/\/www.pzwnarew.pl\/wp-content\/uploads\/2013\/04\/play-galeria.jpg 342w, https:\/\/www.pzwnarew.pl\/wp-content\/uploads\/2013\/04\/play-galeria-300x186.jpg 300w\" sizes=\"auto, (max-width: 342px) 100vw, 342px\" \/><\/a><\/div>\n<div class=\"_d97\" data-reactid=\".20.$mid=11436619981588=29f1f2b998a440b1e52.2:0.0.0.0\"><\/div>\n<\/div>\n<\/div>\n<\/div>\n<p><!--more--><\/p>\n<p><!--more--><\/p>\n<p><!--more--><\/p>\n<p><!--more--><\/p>\n<p><!--more--><\/p>\n","protected":false},"excerpt":{"rendered":"<p>W dniu 11 lipca jeden z naszych dzia\u0142aczy\u00a0 oraz stra\u017cnik SSR Narew 38 wzi\u0105\u0142 \u015blub. W imieniu ca\u0142ego zarz\u0105du ko\u0142a oraz stra\u017cnik\u00f3w SSR Narew 38 \u017cyczymy wszystkiego najlepszego na nowej drodze \u017cycia. Z w\u0119dkarskim pozdrowieniem: Zarz\u0105d ko\u0142a Narew oraz grupa SSR Narew<\/p>\n","protected":false},"author":2,"featured_media":0,"comment_status":"open","ping_status":"closed","sticky":false,"template":"","format":"standard","meta":{"footnotes":""},"categories":[20,24],"tags":[],"class_list":["post-6291","post","type-post","status-publish","format-standard","hentry","category-newsy","category-ochrona-wod"],"_links":{"self":[{"href":"https:\/\/www.pzwnarew.pl\/index.php?rest_route=\/wp\/v2\/posts\/6291","targetHints":{"allow":["GET"]}}],"collection":[{"href":"https:\/\/www.pzwnarew.pl\/index.php?rest_route=\/wp\/v2\/posts"}],"about":[{"href":"https:\/\/www.pzwnarew.pl\/index.php?rest_route=\/wp\/v2\/types\/post"}],"author":[{"embeddable":true,"href":"https:\/\/www.pzwnarew.pl\/index.php?rest_route=\/wp\/v2\/users\/2"}],"replies":[{"embeddable":true,"href":"https:\/\/www.pzwnarew.pl\/index.php?rest_route=%2Fwp%2Fv2%2Fcomments&post=6291"}],"version-history":[{"count":7,"href":"https:\/\/www.pzwnarew.pl\/index.php?rest_route=\/wp\/v2\/posts\/6291\/revisions"}],"predecessor-version":[{"id":6304,"href":"https:\/\/www.pzwnarew.pl\/index.php?rest_route=\/wp\/v2\/posts\/6291\/revisions\/6304"}],"wp:attachment":[{"href":"https:\/\/www.pzwnarew.pl\/index.php?rest_route=%2Fwp%2Fv2%2Fmedia&parent=6291"}],"wp:term":[{"taxonomy":"category","embeddable":true,"href":"https:\/\/www.pzwnarew.pl\/index.php?rest_route=%2Fwp%2Fv2%2Fcategories&post=6291"},{"taxonomy":"post_tag","embeddable":true,"href":"https:\/\/www.pzwnarew.pl\/index.php?rest_route=%2Fwp%2Fv2%2Ftags&post=6291"}],"curies":[{"name":"wp","href":"https:\/\/api.w.org\/{rel}","templated":true}]}}