{"id":6272,"date":"2015-07-07T21:58:12","date_gmt":"2015-07-07T19:58:12","guid":{"rendered":"http:\/\/www.pzwnarew.pl\/?p=6272"},"modified":"2015-07-08T06:44:20","modified_gmt":"2015-07-08T04:44:20","slug":"nowy-komendant-ssr-powiatu-ostroleckiego","status":"publish","type":"post","link":"https:\/\/www.pzwnarew.pl\/?p=6272","title":{"rendered":"Nowy Komendant SSR powiatu ostro\u0142\u0119ckiego"},"content":{"rendered":"<p>Rafa\u0142 Wojtkowiak pe\u0142ni od 1 lipca br. funkcj\u0119 Komendanta Spo\u0142ecznej Stra\u017cy Rybackiej powiatu <a href=\"http:\/\/www.pzwnarew.pl\/wp-content\/uploads\/2015\/07\/IMG_02710.jpg\"><img loading=\"lazy\" decoding=\"async\" class=\"alignright size-thumbnail wp-image-6273\" src=\"http:\/\/www.pzwnarew.pl\/wp-content\/uploads\/2015\/07\/IMG_02710-150x150.jpg\" alt=\"IMG_0271~0\" width=\"150\" height=\"150\" \/><\/a>ostro\u0142\u0119ckiego. Nominacj\u0119 otrzyma\u0142 z r\u0105k starosty ostro\u0142\u0119ckiego na wniosek Zarz\u0105du Okr\u0119gu Mazowieckiego PZW i zast\u0105pi\u0142 na tym stanowisku Piotra Anto\u015bkiewicza.<\/p>\n<p>Rafa\u0142 Wojtkowiak pe\u0142ni\u0142 dotychczas funkcj\u0119 Dow\u00f3dcy Grupy Spo\u0142ecznej Stra\u017cy Rybackie przy kole PZW Narew 38 teraz jego miejsce zajmie kolega Adam Warzocha dotychczasowy stra\u017cnik SSR Narew .<br \/>\n\u017byczymy kolegom sukces\u00f3w na niwie ochrony w\u00f3d. Liczymy na sprawn\u0105 organizacj\u0119 s\u0142u\u017cby patrolowej SSR na terenie powiatu ostro\u0142\u0119ckiego. I jak najwi\u0119cej patroli na wodzie.<\/p>\n","protected":false},"excerpt":{"rendered":"<p>Rafa\u0142 Wojtkowiak pe\u0142ni od 1 lipca br. funkcj\u0119 Komendanta Spo\u0142ecznej Stra\u017cy Rybackiej powiatu ostro\u0142\u0119ckiego. Nominacj\u0119 otrzyma\u0142 z r\u0105k starosty ostro\u0142\u0119ckiego na wniosek Zarz\u0105du Okr\u0119gu Mazowieckiego PZW i zast\u0105pi\u0142 na tym stanowisku Piotra Anto\u015bkiewicza. Rafa\u0142 Wojtkowiak pe\u0142ni\u0142 dotychczas funkcj\u0119 Dow\u00f3dcy Grupy Spo\u0142ecznej Stra\u017cy Rybackie przy kole PZW Narew 38 teraz jego miejsce zajmie kolega Adam Warzocha dotychczasowy stra\u017cnik SSR Narew . \u017byczymy kolegom sukces\u00f3w na niwie ochrony w\u00f3d. Liczymy na sprawn\u0105 organizacj\u0119 s\u0142u\u017cby patrolowej SSR na terenie powiatu ostro\u0142\u0119ckiego. I jak&#8230;<\/p>\n<p class=\"read-more\"><a class=\"btn btn-default\" href=\"https:\/\/www.pzwnarew.pl\/?p=6272\"> Read More<span class=\"screen-reader-text\">  Read More<\/span><\/a><\/p>\n","protected":false},"author":2,"featured_media":0,"comment_status":"open","ping_status":"closed","sticky":false,"template":"","format":"standard","meta":{"footnotes":""},"categories":[20,24],"tags":[],"class_list":["post-6272","post","type-post","status-publish","format-standard","hentry","category-newsy","category-ochrona-wod"],"_links":{"self":[{"href":"https:\/\/www.pzwnarew.pl\/index.php?rest_route=\/wp\/v2\/posts\/6272","targetHints":{"allow":["GET"]}}],"collection":[{"href":"https:\/\/www.pzwnarew.pl\/index.php?rest_route=\/wp\/v2\/posts"}],"about":[{"href":"https:\/\/www.pzwnarew.pl\/index.php?rest_route=\/wp\/v2\/types\/post"}],"author":[{"embeddable":true,"href":"https:\/\/www.pzwnarew.pl\/index.php?rest_route=\/wp\/v2\/users\/2"}],"replies":[{"embeddable":true,"href":"https:\/\/www.pzwnarew.pl\/index.php?rest_route=%2Fwp%2Fv2%2Fcomments&post=6272"}],"version-history":[{"count":2,"href":"https:\/\/www.pzwnarew.pl\/index.php?rest_route=\/wp\/v2\/posts\/6272\/revisions"}],"predecessor-version":[{"id":6276,"href":"https:\/\/www.pzwnarew.pl\/index.php?rest_route=\/wp\/v2\/posts\/6272\/revisions\/6276"}],"wp:attachment":[{"href":"https:\/\/www.pzwnarew.pl\/index.php?rest_route=%2Fwp%2Fv2%2Fmedia&parent=6272"}],"wp:term":[{"taxonomy":"category","embeddable":true,"href":"https:\/\/www.pzwnarew.pl\/index.php?rest_route=%2Fwp%2Fv2%2Fcategories&post=6272"},{"taxonomy":"post_tag","embeddable":true,"href":"https:\/\/www.pzwnarew.pl\/index.php?rest_route=%2Fwp%2Fv2%2Ftags&post=6272"}],"curies":[{"name":"wp","href":"https:\/\/api.w.org\/{rel}","templated":true}]}}