{"id":6267,"date":"2015-07-06T21:47:23","date_gmt":"2015-07-06T19:47:23","guid":{"rendered":"http:\/\/www.pzwnarew.pl\/?p=6267"},"modified":"2015-07-06T21:50:20","modified_gmt":"2015-07-06T19:50:20","slug":"mimo-suszy-patrolujemy-narew","status":"publish","type":"post","link":"https:\/\/www.pzwnarew.pl\/?p=6267","title":{"rendered":"MIMO SUSZY PATROLUJEMY NAREW"},"content":{"rendered":"<p>W dniu 4 lipca stra\u017cnicy z SSR Ko\u0142a Narew patrolowali rzek\u0119 Narew ze szczeg\u00f3lnym uwzgl\u0119dnieniem terenu gminy<a href=\"http:\/\/www.pzwnarew.pl\/wp-content\/uploads\/2015\/07\/tt.jpg\"><img loading=\"lazy\" decoding=\"async\" class=\"alignright size-thumbnail wp-image-6268\" src=\"http:\/\/www.pzwnarew.pl\/wp-content\/uploads\/2015\/07\/tt-150x150.jpg\" alt=\"tt\" width=\"150\" height=\"150\" \/><\/a> Goworowo oraz miejscowo\u015bci Kunin i Szar\u0142at. Wsp\u00f3lnie ze stra\u017cnikami z naszej sekcji w Goworowie sprawdzono tereny nadbrze\u017cne Narwi uj\u015bcia Orza do Narwi oraz starorzeczy przylegaj\u0105cych do rzeki.<br \/>\nPrzera\u017caj\u0105cy jest fakt tak niskiego stanu wody , \u017ce w niekt\u00f3rych miejscach Narew ods\u0142ania dno.\u00a0 <!--more--><br \/>\nNasz senior w\u015br\u00f3d stra\u017cnik\u00f3w Wojciech K. nie pami\u0119ta tak niskiego stanu wody.<br \/>\nStra\u017cnicy przy tym stanie wody w niekt\u00f3re miejsca mog\u0105 dojecha\u0107 samochodami i nasze \u0142odzie motorowe b\u0119d\u0105 sta\u0142y na \u201eko\u0142kach\u201d czekaj\u0105c na wy\u017cszy poziom wody.<br \/>\nB\u0119dziemy takie akcje powtarzali aby uniemo\u017cliwi\u0107 k\u0142usownikom wy\u0142awianie ryb \u201ek\u0142omi\u0105\u201d lub \u201esaniami\u201d z p\u0142ytkich starorzeczy i ciek\u00f3w wodnych.<\/p>\n<p><a href=\"http:\/\/www.pzwnarew.pl\/gallery_pzw\/thumbnails.php?album=191\"><img loading=\"lazy\" decoding=\"async\" class=\"aligncenter size-full wp-image-4190\" src=\"http:\/\/www.pzwnarew.pl\/wp-content\/uploads\/2013\/04\/play-galeria.jpg\" alt=\"play galeria\" width=\"342\" height=\"213\" srcset=\"https:\/\/www.pzwnarew.pl\/wp-content\/uploads\/2013\/04\/play-galeria.jpg 342w, https:\/\/www.pzwnarew.pl\/wp-content\/uploads\/2013\/04\/play-galeria-300x186.jpg 300w\" sizes=\"auto, (max-width: 342px) 100vw, 342px\" \/><\/a><\/p>\n","protected":false},"excerpt":{"rendered":"<p>W dniu 4 lipca stra\u017cnicy z SSR Ko\u0142a Narew patrolowali rzek\u0119 Narew ze szczeg\u00f3lnym uwzgl\u0119dnieniem terenu gminy Goworowo oraz miejscowo\u015bci Kunin i Szar\u0142at. Wsp\u00f3lnie ze stra\u017cnikami z naszej sekcji w Goworowie sprawdzono tereny nadbrze\u017cne Narwi uj\u015bcia Orza do Narwi oraz starorzeczy przylegaj\u0105cych do rzeki. Przera\u017caj\u0105cy jest fakt tak niskiego stanu wody , \u017ce w niekt\u00f3rych miejscach Narew ods\u0142ania dno.\u00a0<\/p>\n","protected":false},"author":2,"featured_media":0,"comment_status":"open","ping_status":"closed","sticky":false,"template":"","format":"standard","meta":{"footnotes":""},"categories":[20,24],"tags":[],"class_list":["post-6267","post","type-post","status-publish","format-standard","hentry","category-newsy","category-ochrona-wod"],"_links":{"self":[{"href":"https:\/\/www.pzwnarew.pl\/index.php?rest_route=\/wp\/v2\/posts\/6267","targetHints":{"allow":["GET"]}}],"collection":[{"href":"https:\/\/www.pzwnarew.pl\/index.php?rest_route=\/wp\/v2\/posts"}],"about":[{"href":"https:\/\/www.pzwnarew.pl\/index.php?rest_route=\/wp\/v2\/types\/post"}],"author":[{"embeddable":true,"href":"https:\/\/www.pzwnarew.pl\/index.php?rest_route=\/wp\/v2\/users\/2"}],"replies":[{"embeddable":true,"href":"https:\/\/www.pzwnarew.pl\/index.php?rest_route=%2Fwp%2Fv2%2Fcomments&post=6267"}],"version-history":[{"count":2,"href":"https:\/\/www.pzwnarew.pl\/index.php?rest_route=\/wp\/v2\/posts\/6267\/revisions"}],"predecessor-version":[{"id":6270,"href":"https:\/\/www.pzwnarew.pl\/index.php?rest_route=\/wp\/v2\/posts\/6267\/revisions\/6270"}],"wp:attachment":[{"href":"https:\/\/www.pzwnarew.pl\/index.php?rest_route=%2Fwp%2Fv2%2Fmedia&parent=6267"}],"wp:term":[{"taxonomy":"category","embeddable":true,"href":"https:\/\/www.pzwnarew.pl\/index.php?rest_route=%2Fwp%2Fv2%2Fcategories&post=6267"},{"taxonomy":"post_tag","embeddable":true,"href":"https:\/\/www.pzwnarew.pl\/index.php?rest_route=%2Fwp%2Fv2%2Ftags&post=6267"}],"curies":[{"name":"wp","href":"https:\/\/api.w.org\/{rel}","templated":true}]}}