{"id":6257,"date":"2015-06-30T20:52:00","date_gmt":"2015-06-30T18:52:00","guid":{"rendered":"http:\/\/www.pzwnarew.pl\/?p=6257"},"modified":"2015-06-30T20:57:39","modified_gmt":"2015-06-30T18:57:39","slug":"zarybienie-kleniem","status":"publish","type":"post","link":"https:\/\/www.pzwnarew.pl\/?p=6257","title":{"rendered":"Zarybienie kleniem"},"content":{"rendered":"<p>W dniu 30 czerwca br. zgodnie z harmonogramem PZW Okr\u0119gu Mazowieckiego odby\u0142o si\u0119 zarybienie Omulwi i <a href=\"http:\/\/www.pzwnarew.pl\/wp-content\/uploads\/2015\/06\/IMG_2193.jpg\"><img loading=\"lazy\" decoding=\"async\" class=\"alignright size-thumbnail wp-image-6258\" src=\"http:\/\/www.pzwnarew.pl\/wp-content\/uploads\/2015\/06\/IMG_2193-150x150.jpg\" alt=\"IMG_2193\" width=\"150\" height=\"150\" \/><\/a>Szkwy. Do Omulwi trafi\u0142o 10 ty\u015b sztuk narybku klenia, do Szkwy 4 ty\u015b. sztuk. Narybek pochodzi\u0142 z wyl\u0119garni OM PZW w Wilamowie. Rzek\u0119 Omulew zarybiali w\u0119dkarze z naszego ko\u0142a PZW Narew. Zapraszamy do ogl\u0105dania zdj\u0119\u0107 w galerii.<\/p>\n<p><!--more--><\/p>\n<p><a href=\"http:\/\/www.pzwnarew.pl\/gallery_pzw\/thumbnails.php?album=190\"><img loading=\"lazy\" decoding=\"async\" class=\"aligncenter size-full wp-image-4190\" src=\"http:\/\/www.pzwnarew.pl\/wp-content\/uploads\/2013\/04\/play-galeria.jpg\" alt=\"play galeria\" width=\"342\" height=\"213\" srcset=\"https:\/\/www.pzwnarew.pl\/wp-content\/uploads\/2013\/04\/play-galeria.jpg 342w, https:\/\/www.pzwnarew.pl\/wp-content\/uploads\/2013\/04\/play-galeria-300x186.jpg 300w\" sizes=\"auto, (max-width: 342px) 100vw, 342px\" \/><\/a><\/p>\n<p>&nbsp;<\/p>\n","protected":false},"excerpt":{"rendered":"<p>W dniu 30 czerwca br. zgodnie z harmonogramem PZW Okr\u0119gu Mazowieckiego odby\u0142o si\u0119 zarybienie Omulwi i Szkwy. Do Omulwi trafi\u0142o 10 ty\u015b sztuk narybku klenia, do Szkwy 4 ty\u015b. sztuk. Narybek pochodzi\u0142 z wyl\u0119garni OM PZW w Wilamowie. Rzek\u0119 Omulew zarybiali w\u0119dkarze z naszego ko\u0142a PZW Narew. Zapraszamy do ogl\u0105dania zdj\u0119\u0107 w galerii.<\/p>\n","protected":false},"author":2,"featured_media":0,"comment_status":"open","ping_status":"closed","sticky":false,"template":"","format":"standard","meta":{"footnotes":""},"categories":[20,24],"tags":[],"class_list":["post-6257","post","type-post","status-publish","format-standard","hentry","category-newsy","category-ochrona-wod"],"_links":{"self":[{"href":"https:\/\/www.pzwnarew.pl\/index.php?rest_route=\/wp\/v2\/posts\/6257","targetHints":{"allow":["GET"]}}],"collection":[{"href":"https:\/\/www.pzwnarew.pl\/index.php?rest_route=\/wp\/v2\/posts"}],"about":[{"href":"https:\/\/www.pzwnarew.pl\/index.php?rest_route=\/wp\/v2\/types\/post"}],"author":[{"embeddable":true,"href":"https:\/\/www.pzwnarew.pl\/index.php?rest_route=\/wp\/v2\/users\/2"}],"replies":[{"embeddable":true,"href":"https:\/\/www.pzwnarew.pl\/index.php?rest_route=%2Fwp%2Fv2%2Fcomments&post=6257"}],"version-history":[{"count":3,"href":"https:\/\/www.pzwnarew.pl\/index.php?rest_route=\/wp\/v2\/posts\/6257\/revisions"}],"predecessor-version":[{"id":6261,"href":"https:\/\/www.pzwnarew.pl\/index.php?rest_route=\/wp\/v2\/posts\/6257\/revisions\/6261"}],"wp:attachment":[{"href":"https:\/\/www.pzwnarew.pl\/index.php?rest_route=%2Fwp%2Fv2%2Fmedia&parent=6257"}],"wp:term":[{"taxonomy":"category","embeddable":true,"href":"https:\/\/www.pzwnarew.pl\/index.php?rest_route=%2Fwp%2Fv2%2Fcategories&post=6257"},{"taxonomy":"post_tag","embeddable":true,"href":"https:\/\/www.pzwnarew.pl\/index.php?rest_route=%2Fwp%2Fv2%2Ftags&post=6257"}],"curies":[{"name":"wp","href":"https:\/\/api.w.org\/{rel}","templated":true}]}}