{"id":6229,"date":"2015-06-06T21:46:12","date_gmt":"2015-06-06T19:46:12","guid":{"rendered":"http:\/\/www.pzwnarew.pl\/?p=6229"},"modified":"2015-06-12T12:15:12","modified_gmt":"2015-06-12T10:15:12","slug":"zmarl-nasz-kolega","status":"publish","type":"post","link":"https:\/\/www.pzwnarew.pl\/?p=6229","title":{"rendered":"Zmar\u0142 nasz kolega"},"content":{"rendered":"<p>W DNIU 27 MAJA PRZE\u017bYWSZY 90 LAT ZMAR\u0141 NASZ KOLEGA <a href=\"http:\/\/www.pzwnarew.pl\/wp-content\/uploads\/2015\/06\/Foto-052.jpg\"><img loading=\"lazy\" decoding=\"async\" class=\"alignright size-full wp-image-6230\" src=\"http:\/\/www.pzwnarew.pl\/wp-content\/uploads\/2015\/06\/Foto-052.jpg\" alt=\"Foto-052\" width=\"139\" height=\"387\" srcset=\"https:\/\/www.pzwnarew.pl\/wp-content\/uploads\/2015\/06\/Foto-052.jpg 139w, https:\/\/www.pzwnarew.pl\/wp-content\/uploads\/2015\/06\/Foto-052-108x300.jpg 108w\" sizes=\"auto, (max-width: 139px) 100vw, 139px\" \/><\/a><br \/>\nSTANIS\u0141AW GAWRYCHOWSKI<br \/>\nWIELOLETNI I ZAS\u0141U\u017bONY DZIA\u0141ACZ PZW<br \/>\nNA PRZE\u0141OMIE LAT 80\/90 PE\u0141NI\u0141 FUNKCJE PREZESA KO\u0141A<br \/>\nA P\u00d3\u0179NIEJ SKARBNIKA OKR\u0118GU OSTRO\u0141\u0118CKIEGO PZW<br \/>\nODZNACZONY Z\u0141OT\u0104 ODZNAK\u0104 PZW Z WIE\u0143CAMI<\/p>\n<p>CZE\u015a\u0106 JEGO PAMI\u0118CI<\/p>\n","protected":false},"excerpt":{"rendered":"<p>W DNIU 27 MAJA PRZE\u017bYWSZY 90 LAT ZMAR\u0141 NASZ KOLEGA STANIS\u0141AW GAWRYCHOWSKI WIELOLETNI I ZAS\u0141U\u017bONY DZIA\u0141ACZ PZW NA PRZE\u0141OMIE LAT 80\/90 PE\u0141NI\u0141 FUNKCJE PREZESA KO\u0141A A P\u00d3\u0179NIEJ SKARBNIKA OKR\u0118GU OSTRO\u0141\u0118CKIEGO PZW ODZNACZONY Z\u0141OT\u0104 ODZNAK\u0104 PZW Z WIE\u0143CAMI CZE\u015a\u0106 JEGO PAMI\u0118CI<\/p>\n","protected":false},"author":2,"featured_media":0,"comment_status":"open","ping_status":"closed","sticky":false,"template":"","format":"standard","meta":{"footnotes":""},"categories":[20],"tags":[],"class_list":["post-6229","post","type-post","status-publish","format-standard","hentry","category-newsy"],"_links":{"self":[{"href":"https:\/\/www.pzwnarew.pl\/index.php?rest_route=\/wp\/v2\/posts\/6229","targetHints":{"allow":["GET"]}}],"collection":[{"href":"https:\/\/www.pzwnarew.pl\/index.php?rest_route=\/wp\/v2\/posts"}],"about":[{"href":"https:\/\/www.pzwnarew.pl\/index.php?rest_route=\/wp\/v2\/types\/post"}],"author":[{"embeddable":true,"href":"https:\/\/www.pzwnarew.pl\/index.php?rest_route=\/wp\/v2\/users\/2"}],"replies":[{"embeddable":true,"href":"https:\/\/www.pzwnarew.pl\/index.php?rest_route=%2Fwp%2Fv2%2Fcomments&post=6229"}],"version-history":[{"count":1,"href":"https:\/\/www.pzwnarew.pl\/index.php?rest_route=\/wp\/v2\/posts\/6229\/revisions"}],"predecessor-version":[{"id":6231,"href":"https:\/\/www.pzwnarew.pl\/index.php?rest_route=\/wp\/v2\/posts\/6229\/revisions\/6231"}],"wp:attachment":[{"href":"https:\/\/www.pzwnarew.pl\/index.php?rest_route=%2Fwp%2Fv2%2Fmedia&parent=6229"}],"wp:term":[{"taxonomy":"category","embeddable":true,"href":"https:\/\/www.pzwnarew.pl\/index.php?rest_route=%2Fwp%2Fv2%2Fcategories&post=6229"},{"taxonomy":"post_tag","embeddable":true,"href":"https:\/\/www.pzwnarew.pl\/index.php?rest_route=%2Fwp%2Fv2%2Ftags&post=6229"}],"curies":[{"name":"wp","href":"https:\/\/api.w.org\/{rel}","templated":true}]}}