{"id":6204,"date":"2015-05-31T17:25:54","date_gmt":"2015-05-31T15:25:54","guid":{"rendered":"http:\/\/www.pzwnarew.pl\/?p=6204"},"modified":"2015-06-01T08:53:44","modified_gmt":"2015-06-01T06:53:44","slug":"dzien-dziecka-2","status":"publish","type":"post","link":"https:\/\/www.pzwnarew.pl\/?p=6204","title":{"rendered":"\u015aWI\u0118TOWANIE DNIA DZIECKA"},"content":{"rendered":"<p>W dniu dzisiejszym korzystaj\u0105c z go\u015bcinno\u015bci Towarzystwa W\u0119dkarskiego w Czerwinie rozegrali\u015bmy zawody <a href=\"http:\/\/www.pzwnarew.pl\/wp-content\/uploads\/2015\/05\/IMG_1986.jpg\"><img loading=\"lazy\" decoding=\"async\" class=\"alignright size-thumbnail wp-image-6207\" src=\"http:\/\/www.pzwnarew.pl\/wp-content\/uploads\/2015\/05\/IMG_1986-150x150.jpg\" alt=\"IMG_1986\" width=\"150\" height=\"150\" \/><\/a>w\u0119dkarskie oraz konkursy zr\u0119czno\u015bciowe nad stawami w\u0119dkarzy z Czerwina.<br \/>\nW naszej imprezie uczestniczy\u0142o 59 dzieci natomiast w samych zawodach w\u0119dkarskich 52 zawodnik\u00f3w.<br \/>\nCieszymy si\u0119 z tak licznego zainteresowania naszymi zawodami i dzi\u0119kujemy serdecznie wszystkim dzieciom, rodzicom i opiekunom.<br \/>\nPo zawodach sp\u0142awikowych w trzech kategoriach przeprowadzono konkurs rzutowy w kt\u00f3rym wzi\u0119\u0142y udzia\u0142 wszystkie dzieci.<br \/>\nNajm\u0142odszym uczestnikiem zawod\u00f3w by\u0142 Piotru\u015b Kaczy\u0144ski lat 3,5. <!--more--><br \/>\nDzi\u0119kujemy koledze Mirkowi Zalewskiemu Prezesowi Towarzystwa W\u0119dkarskiego z Czerwina za udost\u0119pnienie nam staw\u00f3w i terenu do zawod\u00f3w.<br \/>\nWyniki zawod\u00f3w sp\u0142awikowych:<\/p>\n<p>Smyki.<br \/>\n1.Kozikowska Gabrysia<br \/>\n2.Go\u0142\u0119biewski B\u0142a\u017cej<br \/>\n3.Warzocha Szymon<br \/>\n4.Kulas Kamil<br \/>\n5.Dzie\u0142ak Dawid<br \/>\n6. Wojtkowiak Wiktor<\/p>\n<p>Kadeci :<br \/>\n1.Terlikowski Piotr<br \/>\n2.Kozikowski Pawe\u0142<br \/>\n3.Jacek Anna<br \/>\n4.Jacek Katarzyna<br \/>\n5.Or\u0142owska Natalia<br \/>\n6.Kaczmarczyk Emilia<br \/>\n6.Bazyd\u0142o Sebastian<\/p>\n<p>Juniorzy:<br \/>\n1.Barto\u0142d Konrad<br \/>\n2.Kuszneruk Oliwia<br \/>\n3.Terlikowska Julia<br \/>\n4.Nabia\u0142ek Patryk<br \/>\n5.Wachuta Pawe\u0142 \u2013najwi\u0119ksza ryba zawod\u00f3w<br \/>\n6.Zawojek Dominik<\/p>\n<p>Wyniki zawod\u00f3w rzutowych:<\/p>\n<p>Smyki.<br \/>\n1. Znojek Kuba<br \/>\n2. Wilmanowicz Adrian<br \/>\n3. Wojtkowiak Wiktor<\/p>\n<p>Kadeci :<br \/>\n1.Terlikowski Piotr<br \/>\n2. Kowalczyk Ola<br \/>\n3. Dawid Bartosz<\/p>\n<p>Juniorzy:<br \/>\n1. Nabia\u0142ek Patryk<br \/>\n2. Terlikowska Julia<br \/>\n3. Pi\u0142atowicz Maja<\/p>\n<p>Dzi\u0119kujemy Sponsorom:<\/p>\n<p>Delikatesy Spo\u017cywcze Delicja<\/p>\n<p>Firma Warzocha Adam \u2013 szamba ekologiczne<\/p>\n<p>Wojtkowiak Rafa\u0142 \u2013 us\u0142ugi hydrauliczne<\/p>\n<p>Diamet-cz\u0119\u015bci samochodowe<\/p>\n<p>Sklep W\u0119dkarski Lin<\/p>\n<p>Cukiernia Bia\u0142obrzeski przy Orzeszkowej<\/p>\n<p>Grzegorz Kowalczyk<\/p>\n<p>Mariusz Nurczyk \u2013 Przedstawiciel firmy Storck<\/p>\n<p><a href=\"http:\/\/www.pzwnarew.pl\/gallery_pzw\/thumbnails.php?album=188\"><img loading=\"lazy\" decoding=\"async\" class=\"aligncenter size-full wp-image-4190\" src=\"http:\/\/www.pzwnarew.pl\/wp-content\/uploads\/2013\/04\/play-galeria.jpg\" alt=\"play galeria\" width=\"342\" height=\"213\" srcset=\"https:\/\/www.pzwnarew.pl\/wp-content\/uploads\/2013\/04\/play-galeria.jpg 342w, https:\/\/www.pzwnarew.pl\/wp-content\/uploads\/2013\/04\/play-galeria-300x186.jpg 300w\" sizes=\"auto, (max-width: 342px) 100vw, 342px\" \/><\/a><\/p>\n","protected":false},"excerpt":{"rendered":"<p>W dniu dzisiejszym korzystaj\u0105c z go\u015bcinno\u015bci Towarzystwa W\u0119dkarskiego w Czerwinie rozegrali\u015bmy zawody w\u0119dkarskie oraz konkursy zr\u0119czno\u015bciowe nad stawami w\u0119dkarzy z Czerwina. W naszej imprezie uczestniczy\u0142o 59 dzieci natomiast w samych zawodach w\u0119dkarskich 52 zawodnik\u00f3w. Cieszymy si\u0119 z tak licznego zainteresowania naszymi zawodami i dzi\u0119kujemy serdecznie wszystkim dzieciom, rodzicom i opiekunom. Po zawodach sp\u0142awikowych w trzech kategoriach przeprowadzono konkurs rzutowy w kt\u00f3rym wzi\u0119\u0142y udzia\u0142 wszystkie dzieci. Najm\u0142odszym uczestnikiem zawod\u00f3w by\u0142 Piotru\u015b Kaczy\u0144ski lat 3,5.<\/p>\n","protected":false},"author":2,"featured_media":0,"comment_status":"open","ping_status":"closed","sticky":false,"template":"","format":"standard","meta":{"footnotes":""},"categories":[20,17],"tags":[],"class_list":["post-6204","post","type-post","status-publish","format-standard","hentry","category-newsy","category-imprezy"],"_links":{"self":[{"href":"https:\/\/www.pzwnarew.pl\/index.php?rest_route=\/wp\/v2\/posts\/6204","targetHints":{"allow":["GET"]}}],"collection":[{"href":"https:\/\/www.pzwnarew.pl\/index.php?rest_route=\/wp\/v2\/posts"}],"about":[{"href":"https:\/\/www.pzwnarew.pl\/index.php?rest_route=\/wp\/v2\/types\/post"}],"author":[{"embeddable":true,"href":"https:\/\/www.pzwnarew.pl\/index.php?rest_route=\/wp\/v2\/users\/2"}],"replies":[{"embeddable":true,"href":"https:\/\/www.pzwnarew.pl\/index.php?rest_route=%2Fwp%2Fv2%2Fcomments&post=6204"}],"version-history":[{"count":5,"href":"https:\/\/www.pzwnarew.pl\/index.php?rest_route=\/wp\/v2\/posts\/6204\/revisions"}],"predecessor-version":[{"id":6213,"href":"https:\/\/www.pzwnarew.pl\/index.php?rest_route=\/wp\/v2\/posts\/6204\/revisions\/6213"}],"wp:attachment":[{"href":"https:\/\/www.pzwnarew.pl\/index.php?rest_route=%2Fwp%2Fv2%2Fmedia&parent=6204"}],"wp:term":[{"taxonomy":"category","embeddable":true,"href":"https:\/\/www.pzwnarew.pl\/index.php?rest_route=%2Fwp%2Fv2%2Fcategories&post=6204"},{"taxonomy":"post_tag","embeddable":true,"href":"https:\/\/www.pzwnarew.pl\/index.php?rest_route=%2Fwp%2Fv2%2Ftags&post=6204"}],"curies":[{"name":"wp","href":"https:\/\/api.w.org\/{rel}","templated":true}]}}