{"id":6190,"date":"2015-05-20T21:44:34","date_gmt":"2015-05-20T19:44:34","guid":{"rendered":"http:\/\/www.pzwnarew.pl\/?p=6190"},"modified":"2015-05-20T21:49:09","modified_gmt":"2015-05-20T19:49:09","slug":"olimpiada-pod-plockiem","status":"publish","type":"post","link":"https:\/\/www.pzwnarew.pl\/?p=6190","title":{"rendered":"Olimpiada pod P\u0142ockiem"},"content":{"rendered":"<p>W dniach 09-10.05.2015 w miejscowo\u015bci Soczewka ko\u0142o P\u0142ocka odby\u0142a si\u0119 dziewi\u0105ta edycja Okr\u0119gowej Olimpiady <a href=\"http:\/\/www.pzwnarew.pl\/wp-content\/uploads\/2015\/05\/rttd.jpg\"><img loading=\"lazy\" decoding=\"async\" class=\"alignright size-thumbnail wp-image-6191\" src=\"http:\/\/www.pzwnarew.pl\/wp-content\/uploads\/2015\/05\/rttd-150x150.jpg\" alt=\"rttd\" width=\"150\" height=\"150\" \/><\/a>M\u0142odzie\u017cy w Sportach W\u0119dkarskich, Okr\u0119gu Mazowieckiego Polskiego Zwi\u0105zku W\u0119dkarskiego w Warszawie.<br \/>\nUdzia\u0142 w imprezie wzi\u0119\u0142a te\u017c dru\u017cyna Ko\u0142a Nr 38 Narew w Ostro\u0142\u0119ce w sk\u0142adzie: Sebastian Bazyd\u0142o, kat do lat 12; Piotr Terlikowski kat. do lat 14; Dominik Zawojek kat. do lat 16. Opiekunem i trenerem zawodnik\u00f3w by\u0142 kolega Grzegorz Tyszka.<br \/>\nDyscyplin\u0119 sp\u0142awikow\u0105 w kategorii do lat 12 rozegrano na zalewie w M. Soczewka , a w kategoriach do lat 14 i 16 na wyrobisku po \u017cwirowym Skoki. <!--more--><br \/>\nKonkurencje rzutowe tr\u00f3jboju spinningowego i test wiedzy ekologicznej zosta\u0142y przeprowadzone na terenie O\u015brodka Wypoczynkowego Mazowsze w drugim dniu Olimpiady.<br \/>\nW klasyfikacji ko\u0144cowej dru\u017cyn Okr\u0119gu Mazowieckiego PZW dru\u017cyna Ko\u0142a 38 Narew zaj\u0119\u0142a VIII miejsce. W swoich kategoriach nasi ch\u0142opcy wywalczyli odpowiednio Sebastian Bazyd\u0142o miejsce IX; Piotr Terlikowski miejsce X; Dominik Zawojek miejsce XI.<br \/>\nZawodnikom i opiekunom serdeczne gratulacje i podzi\u0119kowania sk\u0142ada Zarz\u0105d Ko\u0142a 38 Narew w Ostro\u0142\u0119ce.<\/p>\n<p><a href=\"http:\/\/www.pzwnarew.pl\/gallery_pzw\/thumbnails.php?album=187\"><img loading=\"lazy\" decoding=\"async\" class=\"aligncenter size-full wp-image-4190\" src=\"http:\/\/www.pzwnarew.pl\/wp-content\/uploads\/2013\/04\/play-galeria.jpg\" alt=\"play galeria\" width=\"342\" height=\"213\" srcset=\"https:\/\/www.pzwnarew.pl\/wp-content\/uploads\/2013\/04\/play-galeria.jpg 342w, https:\/\/www.pzwnarew.pl\/wp-content\/uploads\/2013\/04\/play-galeria-300x186.jpg 300w\" sizes=\"auto, (max-width: 342px) 100vw, 342px\" \/><\/a><\/p>\n","protected":false},"excerpt":{"rendered":"<p>W dniach 09-10.05.2015 w miejscowo\u015bci Soczewka ko\u0142o P\u0142ocka odby\u0142a si\u0119 dziewi\u0105ta edycja Okr\u0119gowej Olimpiady M\u0142odzie\u017cy w Sportach W\u0119dkarskich, Okr\u0119gu Mazowieckiego Polskiego Zwi\u0105zku W\u0119dkarskiego w Warszawie. Udzia\u0142 w imprezie wzi\u0119\u0142a te\u017c dru\u017cyna Ko\u0142a Nr 38 Narew w Ostro\u0142\u0119ce w sk\u0142adzie: Sebastian Bazyd\u0142o, kat do lat 12; Piotr Terlikowski kat. do lat 14; Dominik Zawojek kat. do lat 16. Opiekunem i trenerem zawodnik\u00f3w by\u0142 kolega Grzegorz Tyszka. Dyscyplin\u0119 sp\u0142awikow\u0105 w kategorii do lat 12 rozegrano na zalewie w M. Soczewka , a&#8230;<\/p>\n<p class=\"read-more\"><a class=\"btn btn-default\" href=\"https:\/\/www.pzwnarew.pl\/?p=6190\"> Read More<span class=\"screen-reader-text\">  Read More<\/span><\/a><\/p>\n","protected":false},"author":2,"featured_media":0,"comment_status":"open","ping_status":"closed","sticky":false,"template":"","format":"standard","meta":{"footnotes":""},"categories":[20,27],"tags":[],"class_list":["post-6190","post","type-post","status-publish","format-standard","hentry","category-newsy","category-trojna"],"_links":{"self":[{"href":"https:\/\/www.pzwnarew.pl\/index.php?rest_route=\/wp\/v2\/posts\/6190","targetHints":{"allow":["GET"]}}],"collection":[{"href":"https:\/\/www.pzwnarew.pl\/index.php?rest_route=\/wp\/v2\/posts"}],"about":[{"href":"https:\/\/www.pzwnarew.pl\/index.php?rest_route=\/wp\/v2\/types\/post"}],"author":[{"embeddable":true,"href":"https:\/\/www.pzwnarew.pl\/index.php?rest_route=\/wp\/v2\/users\/2"}],"replies":[{"embeddable":true,"href":"https:\/\/www.pzwnarew.pl\/index.php?rest_route=%2Fwp%2Fv2%2Fcomments&post=6190"}],"version-history":[{"count":2,"href":"https:\/\/www.pzwnarew.pl\/index.php?rest_route=\/wp\/v2\/posts\/6190\/revisions"}],"predecessor-version":[{"id":6193,"href":"https:\/\/www.pzwnarew.pl\/index.php?rest_route=\/wp\/v2\/posts\/6190\/revisions\/6193"}],"wp:attachment":[{"href":"https:\/\/www.pzwnarew.pl\/index.php?rest_route=%2Fwp%2Fv2%2Fmedia&parent=6190"}],"wp:term":[{"taxonomy":"category","embeddable":true,"href":"https:\/\/www.pzwnarew.pl\/index.php?rest_route=%2Fwp%2Fv2%2Fcategories&post=6190"},{"taxonomy":"post_tag","embeddable":true,"href":"https:\/\/www.pzwnarew.pl\/index.php?rest_route=%2Fwp%2Fv2%2Ftags&post=6190"}],"curies":[{"name":"wp","href":"https:\/\/api.w.org\/{rel}","templated":true}]}}