{"id":6127,"date":"2015-04-26T23:05:55","date_gmt":"2015-04-26T21:05:55","guid":{"rendered":"http:\/\/www.pzwnarew.pl\/?p=6127"},"modified":"2015-04-26T23:15:56","modified_gmt":"2015-04-26T21:15:56","slug":"swietowalismy-dzien-ziemi","status":"publish","type":"post","link":"https:\/\/www.pzwnarew.pl\/?p=6127","title":{"rendered":"\u015aWI\u0118TOWALI\u015aMY DZIE\u0143 ZIEMI"},"content":{"rendered":"<p>W dniu 26 kwietnia nasze ko\u0142o w\u0119dkarskie wystawia\u0142o stoisko w czasie obchod\u00f3w Dnia Ziemi organizowanego przez <a href=\"http:\/\/www.pzwnarew.pl\/wp-content\/uploads\/2015\/04\/IMG_0375.jpg\"><img loading=\"lazy\" decoding=\"async\" class=\"alignright size-thumbnail wp-image-6128\" src=\"http:\/\/www.pzwnarew.pl\/wp-content\/uploads\/2015\/04\/IMG_0375-150x150.jpg\" alt=\"IMG_0375\" width=\"150\" height=\"150\" \/><\/a>ostro\u0142\u0119ck\u0105 EKOMEN\u0118 oraz Galeri\u0119 Bursztynow\u0105.<br \/>\nPodczas tej imprezy zako\u0144czyli\u015bmy nasz konkurs fotograficzny o tematyce nadnarwia\u0144skiej.<br \/>\nByli\u015bmy fundatorami pierwszej nagrody, dzi\u0119ki staraniom Wiceprezesa W.Jarz\u0105bka zaanga\u017cowali\u015bmy w fina\u0142 konkursu wydawnictwo miesi\u0119cznika \u201eWiadomo\u015bci W\u0119dkarskie\u201d. <!--more--><br \/>\nPonadto w czasie tej imprezy zorganizowali\u015bmy konkurs w\u0119dkarski z atrakcyjnymi nagrodami rzeczowymi. Losowanie nagr\u00f3d i ich wr\u0119czenie odby\u0142o si\u0119 na scenie podczas fina\u0142u imprezy.<br \/>\nDzi\u0119kujemy ostro\u0142\u0119ckiemu stowarzyszeniu EKOMENA i na pewno wprosimy si\u0119 za rok. Cz\u0142onkowie m\u0142odzie\u017cowej sekcji w\u0119dkarskiej \u201eUkleja\u201d przy Zak\u0142adzie Poprawczym w Laskowcu, r\u00f3wnie\u017c w\u0142\u0105czyli si\u0119 w organizacj\u0119 miejskiej imprezy z okazji Mi\u0119dzynarodowego Dnia Ziemi. Ich udzia\u0142 polega\u0142 na wykonaniu szeregu prac techniczno-porz\u0105dkowych zwi\u0105zanych z przygotowaniem i zako\u0144czeniem imprezy. Ch\u0142opcy pracowali razem w opiekunem sekcji oraz wychowawc\u0105 Andrzejem Ziemakiem.<\/p>\n<p><a href=\"http:\/\/www.pzwnarew.pl\/gallery_pzw\/thumbnails.php?album=183\"><img loading=\"lazy\" decoding=\"async\" class=\"aligncenter size-full wp-image-4190\" src=\"http:\/\/www.pzwnarew.pl\/wp-content\/uploads\/2013\/04\/play-galeria.jpg\" alt=\"play galeria\" width=\"342\" height=\"213\" srcset=\"https:\/\/www.pzwnarew.pl\/wp-content\/uploads\/2013\/04\/play-galeria.jpg 342w, https:\/\/www.pzwnarew.pl\/wp-content\/uploads\/2013\/04\/play-galeria-300x186.jpg 300w\" sizes=\"auto, (max-width: 342px) 100vw, 342px\" \/><\/a><\/p>\n","protected":false},"excerpt":{"rendered":"<p>W dniu 26 kwietnia nasze ko\u0142o w\u0119dkarskie wystawia\u0142o stoisko w czasie obchod\u00f3w Dnia Ziemi organizowanego przez ostro\u0142\u0119ck\u0105 EKOMEN\u0118 oraz Galeri\u0119 Bursztynow\u0105. Podczas tej imprezy zako\u0144czyli\u015bmy nasz konkurs fotograficzny o tematyce nadnarwia\u0144skiej. Byli\u015bmy fundatorami pierwszej nagrody, dzi\u0119ki staraniom Wiceprezesa W.Jarz\u0105bka zaanga\u017cowali\u015bmy w fina\u0142 konkursu wydawnictwo miesi\u0119cznika \u201eWiadomo\u015bci W\u0119dkarskie\u201d.<\/p>\n","protected":false},"author":2,"featured_media":0,"comment_status":"open","ping_status":"closed","sticky":false,"template":"","format":"standard","meta":{"footnotes":""},"categories":[20],"tags":[],"class_list":["post-6127","post","type-post","status-publish","format-standard","hentry","category-newsy"],"_links":{"self":[{"href":"https:\/\/www.pzwnarew.pl\/index.php?rest_route=\/wp\/v2\/posts\/6127","targetHints":{"allow":["GET"]}}],"collection":[{"href":"https:\/\/www.pzwnarew.pl\/index.php?rest_route=\/wp\/v2\/posts"}],"about":[{"href":"https:\/\/www.pzwnarew.pl\/index.php?rest_route=\/wp\/v2\/types\/post"}],"author":[{"embeddable":true,"href":"https:\/\/www.pzwnarew.pl\/index.php?rest_route=\/wp\/v2\/users\/2"}],"replies":[{"embeddable":true,"href":"https:\/\/www.pzwnarew.pl\/index.php?rest_route=%2Fwp%2Fv2%2Fcomments&post=6127"}],"version-history":[{"count":5,"href":"https:\/\/www.pzwnarew.pl\/index.php?rest_route=\/wp\/v2\/posts\/6127\/revisions"}],"predecessor-version":[{"id":6133,"href":"https:\/\/www.pzwnarew.pl\/index.php?rest_route=\/wp\/v2\/posts\/6127\/revisions\/6133"}],"wp:attachment":[{"href":"https:\/\/www.pzwnarew.pl\/index.php?rest_route=%2Fwp%2Fv2%2Fmedia&parent=6127"}],"wp:term":[{"taxonomy":"category","embeddable":true,"href":"https:\/\/www.pzwnarew.pl\/index.php?rest_route=%2Fwp%2Fv2%2Fcategories&post=6127"},{"taxonomy":"post_tag","embeddable":true,"href":"https:\/\/www.pzwnarew.pl\/index.php?rest_route=%2Fwp%2Fv2%2Ftags&post=6127"}],"curies":[{"name":"wp","href":"https:\/\/api.w.org\/{rel}","templated":true}]}}